{"id":244501,"date":"2024-08-16T13:50:25","date_gmt":"2024-08-16T17:50:25","guid":{"rendered":"https:\/\/elluchador.info\/?p=244501"},"modified":"2024-08-16T13:50:28","modified_gmt":"2024-08-16T17:50:28","slug":"cvg-y-ministerio-de-desarrollo-minero-ecologico-lanzan-plan-vacacional-2024-en-puerto-ordaz","status":"publish","type":"post","link":"https:\/\/elluchador.info\/?p=244501","title":{"rendered":"CVG y Ministerio de Desarrollo Minero Ecol\u00f3gico lanzan plan vacacional 2024 en Puerto Ordaz"},"content":{"rendered":"\n<p>Este 14 de agosto, m\u00e1s de 1.500 ni\u00f1os de la&nbsp;<strong>Corporaci\u00f3n Venezolana de Guayana (CVG)<\/strong>&nbsp;y el&nbsp;<strong>Ministerio de Desarrollo Minero Ecol\u00f3gico<\/strong>&nbsp;se convirtieron en los protagonistas de la gran inauguraci\u00f3n del&nbsp;<strong>Plan Vacacional 2024<\/strong>, denominado&nbsp;<strong>\u00abMundo M\u00e1gico de Guayana\u00bb<\/strong>, en las instalaciones del&nbsp;<strong>club Caronoco<\/strong>&nbsp;de Ferrominera, ubicado en Puerto Ordaz.<\/p>\n\n\n\n<p>El acto inaugural estuvo encabezado por el&nbsp;<strong>ministro y presidente de la CVG, H\u00e9ctor Silva<\/strong>, quien realiz\u00f3 un recorrido por los diferentes espacios del club en compa\u00f1\u00eda del vicepresidente de la&nbsp;<strong>junta interventora de la CVG, Alexis Rodr\u00edguez Cabello<\/strong>, y de los presidentes de las empresas tuteladas. Durante su intervenci\u00f3n, Silva destac\u00f3 el compromiso del gobierno en proporcionar alegr\u00eda a los m\u00e1s peque\u00f1os, cumpliendo as\u00ed con las instrucciones del&nbsp;<strong>presidente Nicol\u00e1s Maduro<\/strong>.<\/p>\n\n\n\n<p>\u00abNuestro objetivo es llevar #alegr\u00eda a nuestros ni\u00f1os, tal como lo ha instruido el presidente Nicol\u00e1s Maduro,\u00bb expres\u00f3 Silva. Adem\u00e1s, subray\u00f3 que desde este d\u00eda comienza una aventura llena de amor y felicidad, dise\u00f1ada para transportar a los peque\u00f1os a un aut\u00e9ntico mundo m\u00e1gico.<\/p>\n\n\n\n<p>El&nbsp;<strong>Plan Vacacional \u00abMundo M\u00e1gico de Guayana\u00bb&nbsp;<\/strong>promete ofrecer una experiencia inolvidable, llena de actividades recreativas y educativas, donde los ni\u00f1os podr\u00e1n disfrutar de un ambiente seguro y divertido, fomentando as\u00ed valores como la camarader\u00eda y el respeto mutuo.<\/p>\n\n\n\n<p>Con este&nbsp;<strong>plan vacacional<\/strong>, se reafirma el compromiso del Estado venezolano en brindar espacios de recreaci\u00f3n y esparcimiento para los ni\u00f1os y ni\u00f1as, en un esfuerzo conjunto por construir una sociedad m\u00e1s justa y feliz.<\/p>\n\n\n\n<figure class=\"wp-block-image\"><img decoding=\"async\" src=\"https:\/\/gbvm.knoios.com\/mmedia\/19951\/2jpeg-26678.jpeg\" alt=\"\"\/><\/figure>\n\n\n\n<figure class=\"wp-block-image\"><img decoding=\"async\" src=\"https:\/\/gbvm.knoios.com\/mmedia\/19951\/3jpeg-26679.jpeg\" alt=\"\"\/><\/figure>\n\n\n\n<figure class=\"wp-block-image\"><img decoding=\"async\" src=\"https:\/\/gbvm.knoios.com\/mmedia\/19951\/4jpeg-26680.jpeg\" alt=\"\"\/><\/figure>\n\n\n\n<figure class=\"wp-block-image\"><img decoding=\"async\" src=\"https:\/\/gbvm.knoios.com\/mmedia\/19951\/5jpeg-26681.jpeg\" alt=\"\"\/><\/figure>\n\n\n\n<figure class=\"wp-block-image\"><img decoding=\"async\" src=\"https:\/\/gbvm.knoios.com\/mmedia\/19951\/6jpeg-26682.jpeg\" alt=\"\"\/><\/figure>\n\n\n\n<figure class=\"wp-block-image\"><img decoding=\"async\" src=\"https:\/\/gbvm.knoios.com\/mmedia\/19951\/7jpeg-26683.jpeg\" alt=\"\"\/><\/figure>\n\n\n\n<figure class=\"wp-block-image\"><img decoding=\"async\" src=\"https:\/\/gbvm.knoios.com\/mmedia\/19951\/8jpeg-26684.jpeg\" alt=\"\"\/><\/figure>\n\n\n\n<figure class=\"wp-block-image\"><img decoding=\"async\" src=\"https:\/\/gbvm.knoios.com\/mmedia\/19951\/9jpeg-26685.jpeg\" alt=\"\"\/><\/figure>\n\n\n\n<figure class=\"wp-block-image\"><img decoding=\"async\" src=\"https:\/\/gbvm.knoios.com\/mmedia\/19951\/10jpeg-26686.jpeg\" alt=\"\"\/><\/figure>\n\n\n\n<figure class=\"wp-block-image\"><img decoding=\"async\" src=\"https:\/\/gbvm.knoios.com\/mmedia\/19951\/11jpeg-26687.jpeg\" alt=\"\"\/><\/figure>\n\n\n\n<figure class=\"wp-block-image\"><img decoding=\"async\" src=\"https:\/\/gbvm.knoios.com\/mmedia\/19951\/12jpeg-26688.jpeg\" alt=\"\"\/><\/figure>\n\n\n\n<figure class=\"wp-block-image\"><img decoding=\"async\" src=\"https:\/\/gbvm.knoios.com\/mmedia\/19951\/13jpeg-26689.jpeg\" alt=\"\"\/><\/figure>\n\n\n\n<figure class=\"wp-block-image\"><img decoding=\"async\" src=\"https:\/\/gbvm.knoios.com\/mmedia\/19951\/14jpeg-26690.jpeg\" alt=\"\"\/><\/figure>\n\n\n\n<figure class=\"wp-block-image\"><img decoding=\"async\" src=\"https:\/\/gbvm.knoios.com\/mmedia\/19951\/15jpeg-26691.jpeg\" alt=\"\"\/><\/figure>\n\n\n\n<figure class=\"wp-block-image\"><img decoding=\"async\" src=\"https:\/\/gbvm.knoios.com\/mmedia\/19951\/16jpeg-26692.jpeg\" alt=\"\"\/><\/figure>\n\n\n\n<p><strong><em>Prensa CVG<\/em><\/strong><\/p>\n","protected":false},"excerpt":{"rendered":"<p>Este 14 de agosto, m\u00e1s de 1.500 ni\u00f1os de la&nbsp;Corporaci\u00f3n Venezolana de Guayana (CVG)&nbsp;y el&nbsp;Ministerio de Desarrollo Minero Ecol\u00f3gico&nbsp;se convirtieron en los protagonistas de la gran inauguraci\u00f3n del&nbsp;Plan Vacacional 2024, denominado&nbsp;\u00abMundo M\u00e1gico de Guayana\u00bb, en las instalaciones del&nbsp;club Caronoco&nbsp;de Ferrominera, ubicado en Puerto Ordaz. El acto inaugural estuvo encabezado por el&nbsp;ministro y presidente de la [&hellip;]<\/p>\n","protected":false},"author":2,"featured_media":244502,"comment_status":"closed","ping_status":"closed","sticky":false,"template":"","format":"standard","meta":{"footnotes":""},"categories":[12],"tags":[],"class_list":{"0":"post-244501","1":"post","2":"type-post","3":"status-publish","4":"format-standard","5":"has-post-thumbnail","7":"category-regionales"},"_links":{"self":[{"href":"https:\/\/elluchador.info\/index.php?rest_route=\/wp\/v2\/posts\/244501","targetHints":{"allow":["GET"]}}],"collection":[{"href":"https:\/\/elluchador.info\/index.php?rest_route=\/wp\/v2\/posts"}],"about":[{"href":"https:\/\/elluchador.info\/index.php?rest_route=\/wp\/v2\/types\/post"}],"author":[{"embeddable":true,"href":"https:\/\/elluchador.info\/index.php?rest_route=\/wp\/v2\/users\/2"}],"replies":[{"embeddable":true,"href":"https:\/\/elluchador.info\/index.php?rest_route=%2Fwp%2Fv2%2Fcomments&post=244501"}],"version-history":[{"count":1,"href":"https:\/\/elluchador.info\/index.php?rest_route=\/wp\/v2\/posts\/244501\/revisions"}],"predecessor-version":[{"id":244503,"href":"https:\/\/elluchador.info\/index.php?rest_route=\/wp\/v2\/posts\/244501\/revisions\/244503"}],"wp:featuredmedia":[{"embeddable":true,"href":"https:\/\/elluchador.info\/index.php?rest_route=\/wp\/v2\/media\/244502"}],"wp:attachment":[{"href":"https:\/\/elluchador.info\/index.php?rest_route=%2Fwp%2Fv2%2Fmedia&parent=244501"}],"wp:term":[{"taxonomy":"category","embeddable":true,"href":"https:\/\/elluchador.info\/index.php?rest_route=%2Fwp%2Fv2%2Fcategories&post=244501"},{"taxonomy":"post_tag","embeddable":true,"href":"https:\/\/elluchador.info\/index.php?rest_route=%2Fwp%2Fv2%2Ftags&post=244501"}],"curies":[{"name":"wp","href":"https:\/\/api.w.org\/{rel}","templated":true}]}}