{"id":244523,"date":"2024-08-16T15:56:22","date_gmt":"2024-08-16T19:56:22","guid":{"rendered":"https:\/\/elluchador.info\/?p=244523"},"modified":"2024-08-16T15:56:26","modified_gmt":"2024-08-16T19:56:26","slug":"venezuela-agradece-a-uganda-apoyo-y-lazos-de-cooperacion-con-el-pais","status":"publish","type":"post","link":"https:\/\/elluchador.info\/?p=244523","title":{"rendered":"Venezuela agradece a Uganda apoyo y lazos de cooperaci\u00f3n con el pa\u00eds"},"content":{"rendered":"\n<p>El ministro del Poder Popular para Relaciones Exteriores, Yv\u00e1n Gil, emiti\u00f3 este viernes su agradecimiento en representaci\u00f3n de Venezuela, al presidente de la Rep\u00fablica de Uganda, Yoweri Museveni, quien previamente felicit\u00f3 al jefe de Estado venezolano, Nicol\u00e1s Maduro, por concretar su reelecci\u00f3n durante los comicios electorales del pasado 28 de julio.<\/p>\n\n\n\n<p>\u201cAgradecemos al presidente de Uganda, Yoweri Museveni, por su mensaje de felicitaciones al presidente Nicol\u00e1s Maduro por su reelecci\u00f3n y su llamado a fortalecer las relaciones bilaterales\u201d, declar\u00f3 el canciller Gil, quien adem\u00e1s asegur\u00f3 que Venezuela \u201csiempre ser\u00e1 amiga y aliada de los pueblos de \u00c1frica\u201c.<\/p>\n\n\n\n<p><img decoding=\"async\" src=\"https:\/\/mmedia.eluniversal.com\/19951\/whatsapp-image-2024-08-16-at-24750-pmjpeg-156353.jpeg\"><\/p>\n\n\n\n<p>Por su parte, el mandatario ugand\u00e9s vocifer\u00f3 al presidente Maduro que \u201csu elecci\u00f3n es una muestra de la seguridad y confianza en sus competencias por parte de los votantes de Venezuela\u201d. De la misma forma, reafirm\u00f3 su \u201capoyo inquebrantable en las relaciones bilaterales entre ambos pa\u00edses\u201d<\/p>\n\n\n\n<p>\u201cA la vez que le deseo un exitoso mandato, quedo a su disposici\u00f3n para seguir trabajando junto a Vuestra Excelencia, para dar un nuevo impulso a esta cooperaci\u00f3n en inter\u00e9s de nuestras dos naciones\u201c, expres\u00f3 el presidente Museveni, as\u00ed como se\u00f1al\u00f3 su inter\u00e9s en \u201camplificar las consultas en el seno de los organismos regionales, continentales e internacionales\u201d.<\/p>\n\n\n\n<p><img decoding=\"async\" src=\"https:\/\/mmedia.eluniversal.com\/19951\/whatsapp-image-2024-08-16-at-24749-pmjpeg-156352.jpeg\"><\/p>\n\n\n\n<p>Las relaciones diplom\u00e1ticas entre Venezuela y Uganda se establecieron el 27 de abril de 1970. En el \u00e1mbito de la cooperaci\u00f3n, Caracas y Kampala han concretado acuerdos en las \u00e1reas cultural, energ\u00e9tica, vivienda y transporte, as\u00ed como en la promoci\u00f3n del turismo y otros sectores de inter\u00e9s com\u00fan.<\/p>\n\n\n\n<p>Con la llegada de la Revoluci\u00f3n Bolivariana en 1999, se han priorizado las relaciones comerciales y de solidaridad con los pueblos de la Madre \u00c1frica, con los que Venezuela est\u00e1 unida por profundos lazos de hermandad.<\/p>\n\n\n\n<p><strong>Con informaci\u00f3n de VTV<\/strong><\/p>\n","protected":false},"excerpt":{"rendered":"<p>El ministro del Poder Popular para Relaciones Exteriores, Yv\u00e1n Gil, emiti\u00f3 este viernes su agradecimiento en representaci\u00f3n de Venezuela, al presidente de la Rep\u00fablica de Uganda, Yoweri Museveni, quien previamente felicit\u00f3 al jefe de Estado venezolano, Nicol\u00e1s Maduro, por concretar su reelecci\u00f3n durante los comicios electorales del pasado 28 de julio. \u201cAgradecemos al presidente de [&hellip;]<\/p>\n","protected":false},"author":2,"featured_media":244524,"comment_status":"closed","ping_status":"closed","sticky":false,"template":"","format":"standard","meta":{"footnotes":""},"categories":[11],"tags":[],"class_list":{"0":"post-244523","1":"post","2":"type-post","3":"status-publish","4":"format-standard","5":"has-post-thumbnail","7":"category-politica"},"_links":{"self":[{"href":"https:\/\/elluchador.info\/index.php?rest_route=\/wp\/v2\/posts\/244523","targetHints":{"allow":["GET"]}}],"collection":[{"href":"https:\/\/elluchador.info\/index.php?rest_route=\/wp\/v2\/posts"}],"about":[{"href":"https:\/\/elluchador.info\/index.php?rest_route=\/wp\/v2\/types\/post"}],"author":[{"embeddable":true,"href":"https:\/\/elluchador.info\/index.php?rest_route=\/wp\/v2\/users\/2"}],"replies":[{"embeddable":true,"href":"https:\/\/elluchador.info\/index.php?rest_route=%2Fwp%2Fv2%2Fcomments&post=244523"}],"version-history":[{"count":1,"href":"https:\/\/elluchador.info\/index.php?rest_route=\/wp\/v2\/posts\/244523\/revisions"}],"predecessor-version":[{"id":244525,"href":"https:\/\/elluchador.info\/index.php?rest_route=\/wp\/v2\/posts\/244523\/revisions\/244525"}],"wp:featuredmedia":[{"embeddable":true,"href":"https:\/\/elluchador.info\/index.php?rest_route=\/wp\/v2\/media\/244524"}],"wp:attachment":[{"href":"https:\/\/elluchador.info\/index.php?rest_route=%2Fwp%2Fv2%2Fmedia&parent=244523"}],"wp:term":[{"taxonomy":"category","embeddable":true,"href":"https:\/\/elluchador.info\/index.php?rest_route=%2Fwp%2Fv2%2Fcategories&post=244523"},{"taxonomy":"post_tag","embeddable":true,"href":"https:\/\/elluchador.info\/index.php?rest_route=%2Fwp%2Fv2%2Ftags&post=244523"}],"curies":[{"name":"wp","href":"https:\/\/api.w.org\/{rel}","templated":true}]}}