{"id":244604,"date":"2024-08-17T12:07:26","date_gmt":"2024-08-17T16:07:26","guid":{"rendered":"https:\/\/elluchador.info\/?p=244604"},"modified":"2024-08-17T12:07:29","modified_gmt":"2024-08-17T16:07:29","slug":"mbappe-y-endrick-listos-para-su-debut-en-laliga","status":"publish","type":"post","link":"https:\/\/elluchador.info\/?p=244604","title":{"rendered":"Mbapp\u00e9 y Endrick, listos para su debut en LaLiga"},"content":{"rendered":"\n<p>El franc\u00e9s Kylian Mbapp\u00e9 y el brasile\u00f1o Endrick completaron junto al resto de la plantilla del Real Madrid, salvo los lesionados Eduardo Camavinga y David Alaba, la \u00faltima sesi\u00f3n de entrenamiento en la ciudad deportiva de Valdebebas en v\u00edsperas del estreno en LaLiga EA Sports en Son Moix ante el Mallorca.<\/p>\n\n\n\n<p>Mbapp\u00e9 aterriza en la competici\u00f3n espa\u00f1ola tras estrenarse con el Real Madrid en la Supercopa de Europa disputada en Varsovia, partido en el que no tuvo minutos Endrick. El brasile\u00f1o, que particip\u00f3 en dos amistosos de pretemporada, tiene la oportunidad de disputar en Mallorca su primer encuentro oficial.<\/p>\n\n\n\n<p>Carlo Ancelotti prepar\u00f3 la primera jornada liguera con el segundo entrenamiento que ha dispuesto antes de viajar a Palma de Mallorca, con las ausencias por lesiones de rodilla del franc\u00e9s Camavinga y el austriaco Alaba, y la presencia de canteranos como los porteros Diego Pi\u00f1eiro, el ucraniano Illya Voloshyn, incorporado esta temporada para el juvenil C del club, el central Jacobo Ram\u00f3n y el centrocampista argentino Nico Paz.<\/p>\n\n\n\n<p>Tras el calentamiento a puertas abiertas en la ciudad Real Madrid y los rondos, ya a puerta cerrada, el t\u00e9cnico madridista termin\u00f3 de preparar la visita al Mallorca y sacar conclusiones del estado f\u00edsico de sus jugadores tras la Supercopa de Europa conquistada ante el Atalanta.<\/p>\n\n\n\n<p>Con informaci\u00f3n <em><strong>AP<\/strong><\/em><\/p>\n","protected":false},"excerpt":{"rendered":"<p>El franc\u00e9s Kylian Mbapp\u00e9 y el brasile\u00f1o Endrick completaron junto al resto de la plantilla del Real Madrid, salvo los lesionados Eduardo Camavinga y David Alaba, la \u00faltima sesi\u00f3n de entrenamiento en la ciudad deportiva de Valdebebas en v\u00edsperas del estreno en LaLiga EA Sports en Son Moix ante el Mallorca. Mbapp\u00e9 aterriza en la [&hellip;]<\/p>\n","protected":false},"author":33,"featured_media":244605,"comment_status":"closed","ping_status":"closed","sticky":false,"template":"","format":"standard","meta":{"footnotes":""},"categories":[4],"tags":[820,401],"class_list":{"0":"post-244604","1":"post","2":"type-post","3":"status-publish","4":"format-standard","5":"has-post-thumbnail","7":"category-deportes","8":"tag-liga","9":"tag-real-madrid"},"_links":{"self":[{"href":"https:\/\/elluchador.info\/index.php?rest_route=\/wp\/v2\/posts\/244604","targetHints":{"allow":["GET"]}}],"collection":[{"href":"https:\/\/elluchador.info\/index.php?rest_route=\/wp\/v2\/posts"}],"about":[{"href":"https:\/\/elluchador.info\/index.php?rest_route=\/wp\/v2\/types\/post"}],"author":[{"embeddable":true,"href":"https:\/\/elluchador.info\/index.php?rest_route=\/wp\/v2\/users\/33"}],"replies":[{"embeddable":true,"href":"https:\/\/elluchador.info\/index.php?rest_route=%2Fwp%2Fv2%2Fcomments&post=244604"}],"version-history":[{"count":1,"href":"https:\/\/elluchador.info\/index.php?rest_route=\/wp\/v2\/posts\/244604\/revisions"}],"predecessor-version":[{"id":244606,"href":"https:\/\/elluchador.info\/index.php?rest_route=\/wp\/v2\/posts\/244604\/revisions\/244606"}],"wp:featuredmedia":[{"embeddable":true,"href":"https:\/\/elluchador.info\/index.php?rest_route=\/wp\/v2\/media\/244605"}],"wp:attachment":[{"href":"https:\/\/elluchador.info\/index.php?rest_route=%2Fwp%2Fv2%2Fmedia&parent=244604"}],"wp:term":[{"taxonomy":"category","embeddable":true,"href":"https:\/\/elluchador.info\/index.php?rest_route=%2Fwp%2Fv2%2Fcategories&post=244604"},{"taxonomy":"post_tag","embeddable":true,"href":"https:\/\/elluchador.info\/index.php?rest_route=%2Fwp%2Fv2%2Ftags&post=244604"}],"curies":[{"name":"wp","href":"https:\/\/api.w.org\/{rel}","templated":true}]}}