{"id":244838,"date":"2024-08-19T11:28:18","date_gmt":"2024-08-19T15:28:18","guid":{"rendered":"https:\/\/elluchador.info\/?p=244838"},"modified":"2024-08-19T11:28:21","modified_gmt":"2024-08-19T15:28:21","slug":"viral-reencuentro-de-david-bisbal-y-will-smith","status":"publish","type":"post","link":"https:\/\/elluchador.info\/?p=244838","title":{"rendered":"Viral reencuentro de David Bisbal y Will Smith"},"content":{"rendered":"\n<p>\u201c\u00a1Will!, \u00a1David, David!, hermano\u201d. As\u00ed comienza este viral v\u00eddeo que protagonizan el actor estadounidense Will Smith y el cantante espa\u00f1ol David Bisbal. El actor de Hollywood, que ha retomado su carrera como cantante, ha elaborado su nuevo trabajo en Ibiza, al igual que ya ha publicado el videclip de uno de sus temas, Work of Art, en el que se muestran im\u00e1genes del Museo Thyssen y del Santiago Bernab\u00e9u.<\/p>\n\n\n\n<p>En cuanto a la relaci\u00f3n de amistad entre ambos, esta comenz\u00f3 a principios de verano durante la ya cl\u00e1sica Velada, organizada por el influencer Ibai Llanos en el Santiago Bernab\u00e9u. Un evento de combates que alterna estas disputas con espect\u00e1culos musicales. Durante la celebrada este a\u00f1o el cantante espa\u00f1ol y el actor estadounidense compartieron escenario, lo que fue el inicio de una amistad entre ambos.<\/p>\n\n\n\n<p>Ahora, un par de meses despu\u00e9s de esta celebraci\u00f3n, el actor estadounidense ha invitado a Bisbal a The Car Test, un espacio en el que Smith realiza entrevistas a otras personalidades p\u00fablicas. Este v\u00eddeo, publicado por el actor durante la madrugada del pasado domingo, ha dejado varios momentos virales que no han pasado desapercibidos.<\/p>\n\n\n\n<p>En esta charla, los artistas han intercambiado m\u00faltiples an\u00e9cdotas y han protagonizado un viral momento que ha encendido las redes sociales. Ya que, Will Smith ha querido obtener la opini\u00f3n del cantante espa\u00f1ol sobre uno de sus nuevos temas, que ir\u00e1 inclu\u00eddo en el nuevo \u00e1lbum del artista. Para ello, el actor de Hollywood y rapero reprodujo unos instantes del tema al artista espa\u00f1ol, que no dud\u00f3 ni un segundo en unirse al tema a\u00f1adiendo un comp\u00e1s y armonizando la canci\u00f3n con ayuda de unos quej\u00edos flamencos, lo que produjo una sorprendente reacci\u00f3n del actor.<\/p>\n\n\n\n<p>Smith, encantado por las modificaciones de Bisbal en su tema, exclam\u00f3: \u201cNecesito eso\u201d. Una declaraci\u00f3n que Bisbal respondi\u00f3 con una propuesta: \u201cSi quieres una versi\u00f3n en espa\u00f1ol, ll\u00e1mame\u201d. Una declaraci\u00f3n de intenciones que ha dado mucho que hablar en redes, en las que ya hay muchos que esperan una futura colaboraci\u00f3n musical entre la estrella de Hollywood y el cantante almeriense.<\/p>\n\n\n\n<p>Con informaci\u00f3n de agencias.-<\/p>\n","protected":false},"excerpt":{"rendered":"<p>\u201c\u00a1Will!, \u00a1David, David!, hermano\u201d. As\u00ed comienza este viral v\u00eddeo que protagonizan el actor estadounidense Will Smith y el cantante espa\u00f1ol David Bisbal. El actor de Hollywood, que ha retomado su carrera como cantante, ha elaborado su nuevo trabajo en Ibiza, al igual que ya ha publicado el videclip de uno de sus temas, Work of [&hellip;]<\/p>\n","protected":false},"author":38,"featured_media":244840,"comment_status":"closed","ping_status":"closed","sticky":false,"template":"","format":"standard","meta":{"footnotes":""},"categories":[7],"tags":[448],"class_list":{"0":"post-244838","1":"post","2":"type-post","3":"status-publish","4":"format-standard","5":"has-post-thumbnail","7":"category-entretenimiento","8":"tag-mundo"},"_links":{"self":[{"href":"https:\/\/elluchador.info\/index.php?rest_route=\/wp\/v2\/posts\/244838","targetHints":{"allow":["GET"]}}],"collection":[{"href":"https:\/\/elluchador.info\/index.php?rest_route=\/wp\/v2\/posts"}],"about":[{"href":"https:\/\/elluchador.info\/index.php?rest_route=\/wp\/v2\/types\/post"}],"author":[{"embeddable":true,"href":"https:\/\/elluchador.info\/index.php?rest_route=\/wp\/v2\/users\/38"}],"replies":[{"embeddable":true,"href":"https:\/\/elluchador.info\/index.php?rest_route=%2Fwp%2Fv2%2Fcomments&post=244838"}],"version-history":[{"count":1,"href":"https:\/\/elluchador.info\/index.php?rest_route=\/wp\/v2\/posts\/244838\/revisions"}],"predecessor-version":[{"id":244841,"href":"https:\/\/elluchador.info\/index.php?rest_route=\/wp\/v2\/posts\/244838\/revisions\/244841"}],"wp:featuredmedia":[{"embeddable":true,"href":"https:\/\/elluchador.info\/index.php?rest_route=\/wp\/v2\/media\/244840"}],"wp:attachment":[{"href":"https:\/\/elluchador.info\/index.php?rest_route=%2Fwp%2Fv2%2Fmedia&parent=244838"}],"wp:term":[{"taxonomy":"category","embeddable":true,"href":"https:\/\/elluchador.info\/index.php?rest_route=%2Fwp%2Fv2%2Fcategories&post=244838"},{"taxonomy":"post_tag","embeddable":true,"href":"https:\/\/elluchador.info\/index.php?rest_route=%2Fwp%2Fv2%2Ftags&post=244838"}],"curies":[{"name":"wp","href":"https:\/\/api.w.org\/{rel}","templated":true}]}}