{"id":244864,"date":"2024-08-19T15:15:07","date_gmt":"2024-08-19T19:15:07","guid":{"rendered":"https:\/\/elluchador.info\/?p=244864"},"modified":"2024-08-19T15:15:10","modified_gmt":"2024-08-19T19:15:10","slug":"saab-machado-y-otros-pudieran-ser-imputados-en-cualquier-momento","status":"publish","type":"post","link":"https:\/\/elluchador.info\/?p=244864","title":{"rendered":"Saab: Machado y otros pudieran ser imputados en cualquier momento"},"content":{"rendered":"\n<p>El fiscal general Tarek William Saab se mantiene trabajando en la investigaci\u00f3n sobre los hechos de violencia ocurridos en varias partes de Venezuela.<\/p>\n\n\n\n<p>Este jueves, el fiscal realiz\u00f3 una declaraci\u00f3n al equipo de \u00daltimas Noticias, desde su despacho en la que inform\u00f3 las \u00faltimas revelaciones de c\u00f3mo se prepar\u00f3 la violencia escenificada el lunes 29 y martes 30 de julio pasado.<\/p>\n\n\n\n<p>\u201cAqu\u00ed en este documento est\u00e1 el resumen de los otros dos de 400 p\u00e1ginas, donde se recogen las 600 diligencias desarrolladas para aclarar los hechos de violencia poselecciones\u201d, dice, al sentarse de nuevo a la mesa donde los otros comensales (Felipe Saldivia, presidente del grupo editorial, y Odry Farnetano, jefa de Redacci\u00f3n de \u00daltimas Noticias ya esperaban por el postre. \u201cLa gente se vuelve loca sin mirar atr\u00e1s\u201d, coment\u00f3 Saab, como pensando en voz alta, despu\u00e9s de una intensa conversaci\u00f3n telef\u00f3nica con un amigo cantante.<\/p>\n\n\n\n<p>\u201cArrimen esa mesita un poco m\u00e1s cerca\u201d, pidi\u00f3 el fiscal a la productora. \u201cEs para yo poner este documento y poder mostrar algunas p\u00e1ginas\u201d, acot\u00f3.<\/p>\n\n\n\n<p>\u2014\u00bfAcci\u00f3n planificada o protestas espont\u00e1neas las del 29 y 30 de julio pasado?<\/p>\n\n\n\n<p>\u2014Fue una acci\u00f3n progresivamente planificada por este sector de la extrema derecha que licu\u00f3, en una macrolicuadora, todas las experiencias fallidas que ha vivido Venezuela en la materia, una de golpe de Estado como el ocurrido el 11 y 12 de abril de 2002 y las guarimbas del 2003, con las del 2014 y 2017.<\/p>\n\n\n\n<p>\u2014Tantas experiencias de violencia\u2026<\/p>\n\n\n\n<p>\u2014Venezuela ha sido la tierra de ensayo m\u00e1s f\u00e9rtil de un enemigo imperial superpoderoso, que ha tenido de v\u00edctimas a millones de venezolanos.<\/p>\n\n\n\n<p>\u2014Usted denomin\u00f3 esa situaci\u00f3n ante el Consejo de Defensa de la Naci\u00f3n como una guerra h\u00edbrida.<\/p>\n\n\n\n<p>\u2014Siempre hablo de la guerra h\u00edbrida porque esta incluye intentos de golpe de Estado, lawfare (guerra jur\u00eddica), \u00e9xodo masivo de migrantes, ocasionando guerra psicol\u00f3gica para que las personas se vayan de su pa\u00eds de manera desesperada; sanciones para ocasionar una implosi\u00f3n del Gobierno y por esa v\u00eda se d\u00e9 un cambio de las estructuras del Estado.<\/p>\n\n\n\n<p>\u2014\u00bfD\u00f3nde est\u00e1 el comando central de esas acciones?<\/p>\n\n\n\n<p>\u2014A partir del 2017 con la llegada de Donald Trump al Gobierno de Estados Unidos y la imposici\u00f3n de las sanciones, toda esta mezcla de acciones criminales desde el exterior se unieron para, por escalada, intentar el derrocamiento del presidente Maduro.<\/p>\n\n\n\n<p>\u2014Usted habla del caos como elemento clave para quienes buscan derrocar al presidente Maduro.<\/p>\n\n\n\n<p>\u2014Intentaron con las sanciones en 2017 crear el caos econ\u00f3mico para producir el \u00e9xodo masivo de millones de venezolanos, nosotros decimos que son 2 millones y medio, que ya es una cifra fuerte, donde un mill\u00f3n ha regresado. Ellos han usado eso como fuente de crisis, la de dividir a la familia y achacarle esa culpa al Estado y no a las sanciones.<\/p>\n\n\n\n<p>\u2014Pero antes de esa situaci\u00f3n del 2017, hubo el derrocamiento moment\u00e1neo del presidente Ch\u00e1vez.<\/p>\n\n\n\n<p>\u2014Hay que decir las cosas: Venezuela vivi\u00f3 una crisis terrible con el golpe contra Hugo Ch\u00e1vez que fue derrocado, pudo haber sido asesinado, pero Estados Unidos mantuvo una pol\u00edtica yo dir\u00eda m\u00e1s inteligente, a pesar de ese intento que promovi\u00f3 el golpe de Estado\u2026 de no escalar a lo que ocurri\u00f3 con Nicol\u00e1s Maduro.<\/p>\n\n\n\n<p>\u2014En su exposici\u00f3n habla de guerra h\u00edbrida que incluye guerras psicol\u00f3gicas. \u00bfEl desconocimiento de los resultados de las presidenciales con la consecuente publicaci\u00f3n de presuntas actas entra dentro de esa categor\u00eda?; \u00bfla decisi\u00f3n que tom\u00f3 la Sala Electoral del Tribunal Supremo de Justicia pudiera contribuir a saldar esas dudas que se introdujeron con la publicaci\u00f3n de unas presuntas actas por parte de quienes se presentan como ganadores, en espec\u00edfico Edmundo Gonz\u00e1lez Urrutia?<\/p>\n\n\n\n<p>\u2014En mi exposici\u00f3n ante el Consejo de Defensa de la Nacional y Consejo de Estado, record\u00e9 lo que fue el fraude de las primarias del 2023, donde, seg\u00fan las entrevistas que yo le hice a Jes\u00fas Mar\u00eda Casal (Comisi\u00f3n de las Primarias), a los t\u00e9cnicos, ellos revelaron que all\u00ed no fuera no m\u00e1s de 400 mil personas. Yo le pregunt\u00f3 a Casal que d\u00f3nde est\u00e1n esas actas y me dice que fueron quemadas el mismo d\u00eda de las elecciones primarias. Tambi\u00e9n le pregunt\u00e9 que en cu\u00e1les m\u00e1quinas contaron los votos y me dice que ni siquiera eso estaba en los centros de votaci\u00f3n, sino en casas de los llamados grupos que ellos fueron creando. \u00c9l dice: \u201cYo no s\u00e9 nada de eso, esas actas luego las contabiliz\u00f3 S\u00famate\u201d.<\/p>\n\n\n\n<p>\u2014\u00bfQui\u00e9n fue \u00e9l o la responsable de esa situaci\u00f3n descrita por Casal.<\/p>\n\n\n\n<p>\u2014La innombrable, que se ha autoproclamado l\u00edder. Hoy por hoy, los venezolanos la responsabilizan de todos estos muertos, que han sido asesinados en situaciones que no pueden calificarse de protestas.<\/p>\n\n\n\n<p>\u2014Es decir, que ella (Mar\u00eda Corina Machado) puede ser imputada por homicidio.<\/p>\n\n\n\n<p>\u2014En cualquier momento pudieran ser, cualquiera de ellos, responsabilizados como autores intelectuales de todos estos hechos.<\/p>\n\n\n\n<p>\u2014Determinadores (cerebros), como dice el C\u00f3digo Penal.<\/p>\n\n\n\n<p>\u2014S\u00ed.<\/p>\n\n\n\n<p>\u2014El Ministerio P\u00fablico abri\u00f3 una investigaci\u00f3n sobre la p\u00e1gina web que lanz\u00f3 Mar\u00eda Corina Machado para colgar unas presuntas actas con resultados de las presidenciales. \u00bfC\u00f3mo marcha esa investigaci\u00f3n?<\/p>\n\n\n\n<p>\u2014La p\u00e1gina web que cuelgan es lo mismo de lo que hicieron con la Comisi\u00f3n Nacional de Primarias y el bodrio de S\u00famate para decir que en vez de 300 mil personas fueron 2 millones y medio a votar en esas internas, me lo dijo Jes\u00fas Mar\u00eda. Le pregunt\u00e9 por qu\u00e9 inscrib\u00eda a una persona (en esas primarias) inhabilitada. Me dijo que era un chantaje, un mecanismo de presi\u00f3n, de extorsi\u00f3n para que en la Mesa de Di\u00e1logo se forzase le retiraran la inhabilitaci\u00f3n de Mar\u00eda Corina Machado para que fuese candidata.<\/p>\n\n\n\n<p>\u2014\u00bfQu\u00e9 analiza usted de esas presuntas actas colgadas por Machado?<\/p>\n\n\n\n<p>\u2014Es imposible que en todas las actas te digan que el porcentaje fue 60% a favor del candidato opositor, 40% en contra. Aparte, todas las firmas son id\u00e9nticas, las actas est\u00e1n escaneadas, borrosas. El efecto era impactar en la mente y justificar las protestas, entre comillas, porque son acciones terroristas.<\/p>\n\n\n\n<p>\u2014Ese punto fue objeto de debate en las audiencias de la Sala Electoral del Tribunal Supremo de Justicia.<\/p>\n\n\n\n<p>\u2014Yo estuve en todas las audiencias, all\u00ed fueron los representantes de los partidos de Edmundo Gonz\u00e1lez; el presidente de la Plataforma de la Unidad Democr\u00e1tica (PUD) y de la MUD, ambos estuvieron. Yo acced\u00ed a preguntar que d\u00f3nde estaban las actas. Ellos respondieron que las ten\u00eda S\u00famate. Si usted tiene las actas, usted las muestra; ese es el momento estelar. \u00bfPor qu\u00e9 no las mostr\u00f3?<\/p>\n\n\n\n<p>\u2014Fiscal, no quiero desaprovechar su presencia aqu\u00ed para preguntarle por un juicio que en el 2004 orden\u00f3 el Tribunal 41\u00b0 de Caracas contra Mar\u00eda Corina Machado por conspiraci\u00f3n, debido a su presunta conexi\u00f3n con entes extranjeros para financiar el revocatorio contra el entonces presidente Hugo Ch\u00e1vez. No hemos conocido que ese juicio ordenado se haya iniciado. \u00bfQu\u00e9 sabe usted?<\/p>\n\n\n\n<p>\u2014F\u00edjate t\u00fa, siempre es el mismo modus operandi: utilizar a S\u00famate, firmas planas, yo llamar\u00eda ahora, actas planas\u2026para bajo la excusa del fraude hacer el uso indebido de una oportunidad electoral que te da Venezuela para conspirar. Esa investigaci\u00f3n, m\u00e1s otras que hemos abierto, los llamados a que grupos policiales y militares se revelen contra el Estado, est\u00e1n en curso.<\/p>\n\n\n\n<p>\u2014Por cierto, usted le solicit\u00f3 al Tribunal Supremo de Justicia determinar si el partido Voluntad Popular era un grupo terrorista. \u00bfHa recibido respuesta?<\/p>\n\n\n\n<p>\u2014A m\u00ed no me cabe la menor duda de que todo lo que han hecho est\u00e1 vinculado a eso. Los hemos visto ahora actuando ac\u00e1. \u00bfPor qu\u00e9 aparece Gilbert Caro?, que fue un diputado. Gilbert Caro fue preso por homicidio, \u00e9l instrumentaliz\u00f3 las acciones criminales del a\u00f1o 2017 y fue reincidente en el 2019. Y ahora aparece llamando a este pran, alias el Valle. All\u00ed hay varios detenidos, incluyendo algunos funcionarios.<\/p>\n\n\n\n<p>\u2014\u00bfFuncionarios policiales?<\/p>\n\n\n\n<p>\u2014(Funcionarios) de esas prisiones, vinculados a ese sistema.<\/p>\n\n\n\n<p>\u2014\u00bfCustodios?<\/p>\n\n\n\n<p>\u2014Por todo esto que te estoy narrando. \u00c9l (pran) lo delata. Yo present\u00e9 esa evidencia. Al igual que el otro, alias el Rat\u00f3n. Todo, para que se generase un ba\u00f1o de sangre, que se creara un clima terrible y estuviera el mundo hablando de eso. F\u00edjate todo lo que ha hecho la extrema derecha en Inglaterra. Aqu\u00ed, por ejemplo, los menores de 12 y 13 a\u00f1os son inimputables. Averigua en Inglaterra, muchos menores presos. F\u00edjate que aqu\u00ed yo te tengo un resumen, un balance de 120 p\u00e1ginas de un documento de 400 p\u00e1ginas.<\/p>\n\n\n\n<p>\u2014El caso, por ejemplo, de Alexander Aristiguieta Orta (43). Cay\u00f3 abatido a las 6:30 pm en la avenida San Mart\u00edn, Capuchinos, formaba parte de las acciones criminales y terroristas, siendo impactado por una bala y trasladado a un centro asistencial donde fallece.<\/p>\n\n\n\n<p>\u2014\u00bfResponsables de esa muerte?<\/p>\n\n\n\n<p>\u2014Se presume por diferentes videos extra\u00eddos en locales comerciales de la zona y c\u00e1maras del VEN911 que los autores materiales del hecho corresponden a grupos civiles armados que se encontraban all\u00ed; encapuchados en moto pertenecientes a la banda del Jefrito y Los Boxeadores.<\/p>\n\n\n\n<p>\u2014Seg\u00fan nuestras investigaciones, esa persona, Aristiguieta Orta, se encontraba all\u00ed en Capuchinos con Jeison Grabriel Espa\u00f1a Guill\u00e9n, de 18 a\u00f1os, tambi\u00e9n asesinado en ese momento, lunes 29 de julio.<\/p>\n\n\n\n<p>\u2014S\u00ed. Tambi\u00e9n est\u00e1 este caso, 29 de julio, 7:30 pm; Eudis Junior Jos\u00e9 Mendoza Roget, de 24 a\u00f1os. Estaba en Ant\u00edmano, adyacente al Seguro Social. La v\u00edctima se encontraba en las situaciones violentas, donde se produjo una serie de disparos desde distintos \u00e1ngulos, uno de esos disparos impact\u00f3 a la v\u00edctima, la cual fue trasladada al hospital P\u00e9rez Carre\u00f1o falleciendo posterior a su ingreso.<\/p>\n\n\n\n<p>\u2014\u00bfA qui\u00e9n se le achaca ese crimen?<\/p>\n\n\n\n<p>\u2014Los presuntos responsables tambi\u00e9n son los mismos grupos desestabilizadores, promovidos por estos instigadores del odio. Se determin\u00f3 la utilizaci\u00f3n de cuatro armas 9 mm y seis calibre 12.<\/p>\n\n\n\n<p>\u2014\u00bfDiez armas en ese asesinato o son las empleadas en ese sector?<\/p>\n\n\n\n<p>\u2014Cuatro armas en los impactos que recibi\u00f3 esa persona.<\/p>\n\n\n\n<p>\u2014Esta persona es natural de Las Tejer\u00edas (Aragua), hab\u00eda estado en Chile y Colombia, seg\u00fan el reportaje que publicamos el 14 de agosto.<\/p>\n\n\n\n<p>\u2014Te das cuenta.<\/p>\n\n\n\n<p>\u2014Hubo dos asesinados en El Valle: Anthony Enrique Garc\u00eda Ca\u00f1izales (20) y Olinger Monta\u00f1o L\u00f3pez (24).<\/p>\n\n\n\n<p>\u2014Esos fallecidos son imputables a la banda del 70, Cara de Ni\u00f1a y Platanero. Otro fallecido es Jeison Javier Bracho Mart\u00ednez (22), responsables seg\u00fan videos, motorizados transe\u00fantes. Recordemos que le pagaron a muchos motorizados para hacer estas acciones.<\/p>\n\n\n\n<p>\u2014Hay dos militares asesinados.<\/p>\n\n\n\n<p>\u2014S\u00ed, entre ellos est\u00e1 Jos\u00e9 Antonio Torrent Blanca, sargento primero de la Guardia Nacional Bolivariana, 26 a\u00f1os de edad. Presunto responsable: Reiner Jos\u00e9 M\u00e1rquez Vel\u00e1squez.<\/p>\n\n\n\n<p>\u2014Esa muerte ocurri\u00f3 en Maracay.<\/p>\n\n\n\n<p>\u2014S\u00ed, ese hecho ocurri\u00f3 el 29 de julio a las 6 pm. Miembros de grupos armados hicieron presencia en las distintas zonas del municipio Girardot entre los que destaca la avenida Bol\u00edvar de Maracay, donde accionaron sus armas contra la comisi\u00f3n.<\/p>\n\n\n\n<p>\u2014En Maracay hubo seis muertos. Personas que intentaron tomar la Brigada de Paracaidistas.<\/p>\n\n\n\n<p>\u201470% de los fallecidos ocurrieron en el \u00c1rea Metropolitana de Caracas y en Aragua. Carabobo hubo dos fallecidos.<\/p>\n\n\n\n<p>\u2014\u00bfEstos grupos ten\u00edan la instrucci\u00f3n de atacar establecimientos militares y policiales?<\/p>\n\n\n\n<p>\u2014Sin duda. Esto no sali\u00f3 de la nada, porque en ninguna de estas llamadas \u201cprotestas\u201d, yo las llamo acciones violentas de ataques a m\u00f3dulos policiales, alcald\u00edas, sedes del CNE, unidades de transporte, quemaron 31 unidades, atacaron el Metro, solamente en un d\u00eda y medio. Todos son atribuibles a estos grupos de extrema derecha.<\/p>\n\n\n\n<p>\u2014Hoy 14 de agosto podemos decir que Venezuela ha reconquistado la paz o la violencia sigue all\u00ed acechando a la vuelta de la esquina.<\/p>\n\n\n\n<p>\u2014Yo describo el escenario de que Venezuela logr\u00f3 detener en seco este plan macabro a trav\u00e9s de la unidad institucional, c\u00edvico, policial, militar y del pueblo, de querer convertirnos en lo que ya te dije: una Irak, una Libia, que nos roben todo el petr\u00f3leo a cambio de la destrucci\u00f3n absoluta, que reine el caos. Hemos evitado que eso ocurra, lo hemos frenado eso en seco. Venezuela est\u00e1 en total normalidad, particularmente donde hubo m\u00e1s acciones terribles en algunos sectores del \u00c1rea Metropolitana de Caracas. F\u00edjate un detalle: la clase media no sali\u00f3 a protestar ni pac\u00edficamente ni violentamente. No sali\u00f3 su base social. \u00bfA qui\u00e9nes recurrieron?, a delincuentes armados. Venezuela ha recobrado la paz, se est\u00e1 fortaleciendo cada d\u00eda, estamos luchando fuertemente contra este enemigo tan poderoso.<\/p>\n\n\n\n<p><strong>Al detal<\/strong><\/p>\n\n\n\n<p>\u201dNo hay una sola denuncia que repose en el Ministerio P\u00fablico, en la Unidad de Atenci\u00f3n a la V\u00edctima, en la Direcci\u00f3n General de Derechos Humanos o en la de Delitos Comunes o Contra Delincuencia Organizada que vincule a un funcionario policial o militar con estas 27 muertes\u201d.<\/p>\n\n\n\n<p>\u201cLa Sala Electoral est\u00e1 haciendo su trabajo, habr\u00e1 un dictamen y eso tiene que acatarse y no lo que digan intereses de gobiernos extranjeros. La Sala tiene competencia para dirimir un juicio en este caso contencioso electoral\u201d.<\/p>\n\n\n\n<p>\u201cF\u00edjate, un detalle: ellos se inscriben como candidato, entonces reconocen al CNE. Permiten que su tarjeta salga; entonces reconocen al CNE. Inscriben testigos, entonces reconocen al CNE. Si t\u00fa reconoces al CNE para inscribirte como candidato, entonces tienes que reconocer al CNE para que sea el \u00fanico que pueda dar los resultados\u201d.<\/p>\n\n\n\n<p>\u201c\u00bfPor qu\u00e9 en la \u00e9poca de Hugo Ch\u00e1vez, que no hubo sanciones, no se dio el \u00e9xodo masivo?, yo he hecho el estudio. \u00bfCu\u00e1ndo comenz\u00f3 ese \u00e9xodo?, a partir del decreto de Barack Obama que declara a Venezuela una amenaza para la seguridad de Estados Unidos. A partir de ese decreto se abre el camino de la conspiraci\u00f3n, v\u00edas violentas para la toma del poder\u201d.<\/p>\n\n\n\n<p>Con informaci\u00f3n de <strong><em>\u00daltimas Noticias<\/em><\/strong><\/p>\n","protected":false},"excerpt":{"rendered":"<p>El fiscal general Tarek William Saab se mantiene trabajando en la investigaci\u00f3n sobre los hechos de violencia ocurridos en varias partes de Venezuela. Este jueves, el fiscal realiz\u00f3 una declaraci\u00f3n al equipo de \u00daltimas Noticias, desde su despacho en la que inform\u00f3 las \u00faltimas revelaciones de c\u00f3mo se prepar\u00f3 la violencia escenificada el lunes 29 [&hellip;]<\/p>\n","protected":false},"author":33,"featured_media":244865,"comment_status":"closed","ping_status":"closed","sticky":false,"template":"","format":"standard","meta":{"footnotes":""},"categories":[11],"tags":[105],"class_list":{"0":"post-244864","1":"post","2":"type-post","3":"status-publish","4":"format-standard","5":"has-post-thumbnail","7":"category-politica","8":"tag-venezuela"},"_links":{"self":[{"href":"https:\/\/elluchador.info\/index.php?rest_route=\/wp\/v2\/posts\/244864","targetHints":{"allow":["GET"]}}],"collection":[{"href":"https:\/\/elluchador.info\/index.php?rest_route=\/wp\/v2\/posts"}],"about":[{"href":"https:\/\/elluchador.info\/index.php?rest_route=\/wp\/v2\/types\/post"}],"author":[{"embeddable":true,"href":"https:\/\/elluchador.info\/index.php?rest_route=\/wp\/v2\/users\/33"}],"replies":[{"embeddable":true,"href":"https:\/\/elluchador.info\/index.php?rest_route=%2Fwp%2Fv2%2Fcomments&post=244864"}],"version-history":[{"count":1,"href":"https:\/\/elluchador.info\/index.php?rest_route=\/wp\/v2\/posts\/244864\/revisions"}],"predecessor-version":[{"id":244866,"href":"https:\/\/elluchador.info\/index.php?rest_route=\/wp\/v2\/posts\/244864\/revisions\/244866"}],"wp:featuredmedia":[{"embeddable":true,"href":"https:\/\/elluchador.info\/index.php?rest_route=\/wp\/v2\/media\/244865"}],"wp:attachment":[{"href":"https:\/\/elluchador.info\/index.php?rest_route=%2Fwp%2Fv2%2Fmedia&parent=244864"}],"wp:term":[{"taxonomy":"category","embeddable":true,"href":"https:\/\/elluchador.info\/index.php?rest_route=%2Fwp%2Fv2%2Fcategories&post=244864"},{"taxonomy":"post_tag","embeddable":true,"href":"https:\/\/elluchador.info\/index.php?rest_route=%2Fwp%2Fv2%2Ftags&post=244864"}],"curies":[{"name":"wp","href":"https:\/\/api.w.org\/{rel}","templated":true}]}}