{"id":244902,"date":"2024-08-19T17:50:28","date_gmt":"2024-08-19T21:50:28","guid":{"rendered":"https:\/\/elluchador.info\/?p=244902"},"modified":"2024-08-19T17:50:32","modified_gmt":"2024-08-19T21:50:32","slug":"psuv-y-gpp-realizaran-gran-congreso-mundial-contra-el-fascismo","status":"publish","type":"post","link":"https:\/\/elluchador.info\/?p=244902","title":{"rendered":"PSUV y GPP realizar\u00e1n Gran Congreso Mundial contra el Fascismo"},"content":{"rendered":"\n<p>El Partido Socialista Unido de Venezuela (PSUV) conjuntamente con todas las alianzas pol\u00edticas que forman parte del Gran Polo Patri\u00f3tico \u201cSim\u00f3n Bol\u00edvar\u201d (GPP) realizar\u00e1 pr\u00f3ximamente el Congreso Mundial contra el Fascismo, Neofascismo y Expresiones similares, para afinar estrategias y propuestas en la defensa del pa\u00eds, inform\u00f3 el jefe de la tolda roja y presidente, Nicol\u00e1s Maduro Moros.<\/p>\n\n\n\n<p>\u201cYo quiero que muy pronto fijemos fecha, instruy\u00f3 al equipo con experiencia internacional conformado por Diosdado Cabello, Delcy Rodr\u00edguez, Rander Pe\u00f1a, Jorge Arreaza, a proponer una fecha ante de octubre\u201d, expres\u00f3.<\/p>\n\n\n\n<p>Asimismo, extendi\u00f3 la invitaci\u00f3n a todos los pensadores, intelectuales, artistas, l\u00edderes sociales, pol\u00edticos de los continentes de \u00c1frica, Asia, el Caribe, Europa y de Am\u00e9rica para que participen en el evento. \u201cVamos a hacer el gran Congreso Mundial contra el Fascismo, Nazismo y Expresiones similares para nutrirnos de las ideas, las propuestas y afinar las estrategias de Venezuela, que est\u00e1 defendiendo su derecho a vivir, en paz y proyectarse al futuro\u201d, apunt\u00f3.<\/p>\n\n\n\n<p>Por otra parte, record\u00f3 a la Direcci\u00f3n nacional del PSUV y del GPP que este domingo, se llevar\u00e1n a cabo las Elecciones Generales y Comunales en el territorio nacional. \u201cHay elecciones este domingo son generales y comunales, \u00bfQuieren democracia? Vamos a tomar m\u00e1s democracia, \u00bfQuieren participaci\u00f3n? Vamos por m\u00e1s participaci\u00f3n, pero de verdad\u201d.<\/p>\n\n\n\n<p>Con informaci\u00f3n <strong><em>VTV<\/em><\/strong><\/p>\n","protected":false},"excerpt":{"rendered":"<p>El Partido Socialista Unido de Venezuela (PSUV) conjuntamente con todas las alianzas pol\u00edticas que forman parte del Gran Polo Patri\u00f3tico \u201cSim\u00f3n Bol\u00edvar\u201d (GPP) realizar\u00e1 pr\u00f3ximamente el Congreso Mundial contra el Fascismo, Neofascismo y Expresiones similares, para afinar estrategias y propuestas en la defensa del pa\u00eds, inform\u00f3 el jefe de la tolda roja y presidente, Nicol\u00e1s [&hellip;]<\/p>\n","protected":false},"author":33,"featured_media":244903,"comment_status":"closed","ping_status":"closed","sticky":false,"template":"","format":"standard","meta":{"footnotes":""},"categories":[5,9],"tags":[284,105],"class_list":{"0":"post-244902","1":"post","2":"type-post","3":"status-publish","4":"format-standard","5":"has-post-thumbnail","7":"category-destacado","8":"category-nacionales","9":"tag-psuv","10":"tag-venezuela"},"_links":{"self":[{"href":"https:\/\/elluchador.info\/index.php?rest_route=\/wp\/v2\/posts\/244902","targetHints":{"allow":["GET"]}}],"collection":[{"href":"https:\/\/elluchador.info\/index.php?rest_route=\/wp\/v2\/posts"}],"about":[{"href":"https:\/\/elluchador.info\/index.php?rest_route=\/wp\/v2\/types\/post"}],"author":[{"embeddable":true,"href":"https:\/\/elluchador.info\/index.php?rest_route=\/wp\/v2\/users\/33"}],"replies":[{"embeddable":true,"href":"https:\/\/elluchador.info\/index.php?rest_route=%2Fwp%2Fv2%2Fcomments&post=244902"}],"version-history":[{"count":1,"href":"https:\/\/elluchador.info\/index.php?rest_route=\/wp\/v2\/posts\/244902\/revisions"}],"predecessor-version":[{"id":244904,"href":"https:\/\/elluchador.info\/index.php?rest_route=\/wp\/v2\/posts\/244902\/revisions\/244904"}],"wp:featuredmedia":[{"embeddable":true,"href":"https:\/\/elluchador.info\/index.php?rest_route=\/wp\/v2\/media\/244903"}],"wp:attachment":[{"href":"https:\/\/elluchador.info\/index.php?rest_route=%2Fwp%2Fv2%2Fmedia&parent=244902"}],"wp:term":[{"taxonomy":"category","embeddable":true,"href":"https:\/\/elluchador.info\/index.php?rest_route=%2Fwp%2Fv2%2Fcategories&post=244902"},{"taxonomy":"post_tag","embeddable":true,"href":"https:\/\/elluchador.info\/index.php?rest_route=%2Fwp%2Fv2%2Ftags&post=244902"}],"curies":[{"name":"wp","href":"https:\/\/api.w.org\/{rel}","templated":true}]}}