{"id":244937,"date":"2024-08-20T09:19:00","date_gmt":"2024-08-20T13:19:00","guid":{"rendered":"https:\/\/elluchador.info\/?p=244937"},"modified":"2024-08-20T09:19:04","modified_gmt":"2024-08-20T13:19:04","slug":"iglesia-sion-6-celebro-fiesta-de-la-familia-en-riberas-de-san-rafael","status":"publish","type":"post","link":"https:\/\/elluchador.info\/?p=244937","title":{"rendered":"Iglesia Sion 6 celebr\u00f3 Fiesta de la Familia en Riberas de San Rafael"},"content":{"rendered":"\n<p>&nbsp;Durante los d\u00edas viernes 16 y s\u00e1bado 17 de agosto, se llev\u00f3 a cabo en la cancha del sector Riberas de San Rafael de Ciudad Bol\u00edvar la Fiesta de la Familia, una iniciativa de la Federaci\u00f3n Sion y la Iglesia Sion 6, que brind\u00f3 ayuda a la comunidad de manera integral en las \u00e1reas: espiritual, alimentaria, salud e higiene personal.<\/p>\n\n\n\n<p>As\u00ed lo dieron a conocer los pastores de la Iglesia Sion 6: Mercedes Romero, Elimer Ferm\u00edn y Yusney de Ferm\u00edn, quienes tambi\u00e9n indicaron que desde hace alg\u00fan tiempo, la Iglesia Sion 6 ha venido trabajando en esa comunidad, sembrando los valores cristianos.&nbsp;&nbsp;<\/p>\n\n\n\n<p>En ese sentido, el pastor Ferm\u00edn explic\u00f3 que mediante esta jornada social integral se realizaron varias actividades para atender las necesidades de las personas que hacen vida en ese sector.<\/p>\n\n\n\n<p>El l\u00edder cristiano se\u00f1al\u00f3 que esta gran celebraci\u00f3n const\u00f3 de varias etapas.<\/p>\n\n\n\n<p>\u201cLa primera, en la que se prest\u00f3 el apoyo, acondicionando y limpiando los espacios recreativos, instalaciones deportivas y desmalezando las \u00e1reas verdes en terrenos adyacentes a la cancha, lugar en el que se realizaron las actividades sociales. En la segunda, efectuamos la fumigaci\u00f3n del \u00e1rea desmalezada y acondicionada en la que posteriormente se instalaron los diferentes toldos de atenci\u00f3n al p\u00fablico y en la tercera fase, se realiz\u00f3 una actividad evangel\u00edstica con varias familias del sector\u201d, indic\u00f3 el pastor.<\/p>\n\n\n\n<p>El Ministerio de Artes Esc\u00e9nicas Reino Poder y Gloria de la Iglesia Sion 6 present\u00f3 dos obras: \u201cEl circo de la esperanza\u201d y \u201cEl circo de lo imposible\u201d. Tambi\u00e9n, se proyectaron v\u00eddeos con testimonios de las personas de la comunidad, cuyas vidas han sido restauradas por el Se\u00f1or.<\/p>\n\n\n\n<p>La actividad cont\u00f3 con la presencia de al menos 150 personas.<\/p>\n\n\n\n<p>De igual forma, fueron premiadas las familias con m\u00e1s miembros que asistieron a la actividad la noche del viernes.<\/p>\n\n\n\n<p>El d\u00eda s\u00e1bado 17, a partir de las 8:30 am, se dio inicio a la jornada de atenci\u00f3n m\u00e9dico-asistencial, que incluy\u00f3 consultas m\u00e9dicas, inmunizaci\u00f3n, desparasitaci\u00f3n y entrega de medicamentos\u201d, puntualiz\u00f3 el pastor Ferm\u00edn.<\/p>\n\n\n\n<p>Tambi\u00e9n realizaron cortes de cabellos para damas, caballeros y ni\u00f1os; hubo recreaci\u00f3n para los ni\u00f1os, pintacaritas, ginkanas para las familias. Todo completamente gratuito.<\/p>\n\n\n\n<p>Al menos 500 personas disfrutaron de una mega-sopa que se prepar\u00f3 en el lugar y m\u00e1s de trescientas fueron beneficiadas en el operativo m\u00e9dico-asistencial y social.<\/p>\n\n\n\n<p>Por la noche, el Ministerio de Artes Esc\u00e9nicas, Reino Poder y Gloria de la Iglesia Sion 6 present\u00f3 dos obras m\u00e1s: \u201cEmbarcados, esperanza en alta mar\u201d y \u201cEmbarcados 2, el naufragio\u201d a trav\u00e9s de las que se transmiti\u00f3 el mensaje de la palabra de Dios.<\/p>\n\n\n\n<p>\u201cEn esta oportunidad, al menos 200 personas vinieron, participaron de las diferentes din\u00e1micas, premiaciones y refrigerios\u201d, enfatiz\u00f3 el l\u00edder de la Iglesia Sion 6.&nbsp;<\/p>\n\n\n\n<p>El pastor Elimer Ferm\u00edn puntualiz\u00f3 que durante estos dos d\u00edas de la \u201cFiesta de la familia\u201d se ense\u00f1\u00f3 a Jesucristo como un agente de cambio y transformaci\u00f3n que puede salvar vidas.<\/p>\n\n\n\n<p>Finalmente, los pastores de la Iglesia Sion 6 agradecieron en primer lugar a Dios Todopoderoso, por hacer posible esta gran celebraci\u00f3n, al equipo organizador, servidores, y a todas aquellas instituciones y personas que aportaron su granito de arena.<\/p>\n\n\n\n<p><strong>Gledis Bonilla<\/strong><\/p>\n","protected":false},"excerpt":{"rendered":"<p>&nbsp;Durante los d\u00edas viernes 16 y s\u00e1bado 17 de agosto, se llev\u00f3 a cabo en la cancha del sector Riberas de San Rafael de Ciudad Bol\u00edvar la Fiesta de la Familia, una iniciativa de la Federaci\u00f3n Sion y la Iglesia Sion 6, que brind\u00f3 ayuda a la comunidad de manera integral en las \u00e1reas: espiritual, [&hellip;]<\/p>\n","protected":false},"author":2,"featured_media":244939,"comment_status":"closed","ping_status":"closed","sticky":false,"template":"","format":"standard","meta":{"footnotes":""},"categories":[2],"tags":[],"class_list":{"0":"post-244937","1":"post","2":"type-post","3":"status-publish","4":"format-standard","5":"has-post-thumbnail","7":"category-comunidad"},"_links":{"self":[{"href":"https:\/\/elluchador.info\/index.php?rest_route=\/wp\/v2\/posts\/244937","targetHints":{"allow":["GET"]}}],"collection":[{"href":"https:\/\/elluchador.info\/index.php?rest_route=\/wp\/v2\/posts"}],"about":[{"href":"https:\/\/elluchador.info\/index.php?rest_route=\/wp\/v2\/types\/post"}],"author":[{"embeddable":true,"href":"https:\/\/elluchador.info\/index.php?rest_route=\/wp\/v2\/users\/2"}],"replies":[{"embeddable":true,"href":"https:\/\/elluchador.info\/index.php?rest_route=%2Fwp%2Fv2%2Fcomments&post=244937"}],"version-history":[{"count":1,"href":"https:\/\/elluchador.info\/index.php?rest_route=\/wp\/v2\/posts\/244937\/revisions"}],"predecessor-version":[{"id":244940,"href":"https:\/\/elluchador.info\/index.php?rest_route=\/wp\/v2\/posts\/244937\/revisions\/244940"}],"wp:featuredmedia":[{"embeddable":true,"href":"https:\/\/elluchador.info\/index.php?rest_route=\/wp\/v2\/media\/244939"}],"wp:attachment":[{"href":"https:\/\/elluchador.info\/index.php?rest_route=%2Fwp%2Fv2%2Fmedia&parent=244937"}],"wp:term":[{"taxonomy":"category","embeddable":true,"href":"https:\/\/elluchador.info\/index.php?rest_route=%2Fwp%2Fv2%2Fcategories&post=244937"},{"taxonomy":"post_tag","embeddable":true,"href":"https:\/\/elluchador.info\/index.php?rest_route=%2Fwp%2Fv2%2Ftags&post=244937"}],"curies":[{"name":"wp","href":"https:\/\/api.w.org\/{rel}","templated":true}]}}