{"id":244947,"date":"2024-08-20T09:45:33","date_gmt":"2024-08-20T13:45:33","guid":{"rendered":"https:\/\/elluchador.info\/?p=244947"},"modified":"2024-08-20T09:45:37","modified_gmt":"2024-08-20T13:45:37","slug":"julio-castro-la-viruela-del-mono-no-tiene-las-mismas-condiciones-o-circunstancias-que-el-covid","status":"publish","type":"post","link":"https:\/\/elluchador.info\/?p=244947","title":{"rendered":"Julio Castro: La viruela del mono no tiene las mismas condiciones o circunstancias que el Covid"},"content":{"rendered":"\n<p>El m\u00e9dico infect\u00f3logo y miembro de la Red de M\u00e9dicos por la Salud, Julio Castro, explic\u00f3 que la enfermedad de la viruela del mono comenz\u00f3 por un contacto sexual, y asegur\u00f3 que \u00aba pesar que haya casos en 150 pa\u00edses que lo condicionar\u00eda o definir\u00eda como una epidemia mundial no tiene las mismas condiciones o circunstancias que el Covid\u00bb.<\/p>\n\n\n\n<p>Indic\u00f3 que la alerta de la Organizaci\u00f3n Mundial de la Salud (OMS) se debe a que en la Rep\u00fablica del Congo se est\u00e1n observando una gran mayor\u00eda de ni\u00f1os infectados, lo que quiere decir que hay una nueva variante que se sospecha no se contagia solo sexualmente, sino a trav\u00e9s de otras v\u00edas de contacto como por ejemplo el a\u00e9reo, por de las v\u00edas respiratorias.<\/p>\n\n\n\n<p>Aunque esa posibilidad aun est\u00e9 en investigaci\u00f3n, seg\u00fan el especialista, de confirmarse se podr\u00eda dar un escenario de contagio mucho mayor, rese\u00f1a\u00a0Uni\u00f3n Radio.<\/p>\n\n\n\n<p>En cuanto a los s\u00edntomas destac\u00f3 que son \u00abun cuadro febril que tiene lesiones en la piel\u00bb parecido a la viruela, \u00abSon lesiones tipo ves\u00edcula, son ampollas\u00bb dijo y el tiempo de contagio puede ser de tres a cuatro semanas.<\/p>\n\n\n\n<p>Tambi\u00e9n resalt\u00f3 que ante sospechas de un caso lo recomendado es acudir al Ministerio de Salud para que se realicen las investigaciones pertinentes.<\/p>\n\n\n\n<p><strong><em>Con informaci\u00f3n de EI.<\/em><\/strong><\/p>\n","protected":false},"excerpt":{"rendered":"<p>El m\u00e9dico infect\u00f3logo y miembro de la Red de M\u00e9dicos por la Salud, Julio Castro, explic\u00f3 que la enfermedad de la viruela del mono comenz\u00f3 por un contacto sexual, y asegur\u00f3 que \u00aba pesar que haya casos en 150 pa\u00edses que lo condicionar\u00eda o definir\u00eda como una epidemia mundial no tiene las mismas condiciones o [&hellip;]<\/p>\n","protected":false},"author":2,"featured_media":244948,"comment_status":"closed","ping_status":"closed","sticky":false,"template":"","format":"standard","meta":{"footnotes":""},"categories":[19],"tags":[],"class_list":{"0":"post-244947","1":"post","2":"type-post","3":"status-publish","4":"format-standard","5":"has-post-thumbnail","7":"category-salud"},"_links":{"self":[{"href":"https:\/\/elluchador.info\/index.php?rest_route=\/wp\/v2\/posts\/244947","targetHints":{"allow":["GET"]}}],"collection":[{"href":"https:\/\/elluchador.info\/index.php?rest_route=\/wp\/v2\/posts"}],"about":[{"href":"https:\/\/elluchador.info\/index.php?rest_route=\/wp\/v2\/types\/post"}],"author":[{"embeddable":true,"href":"https:\/\/elluchador.info\/index.php?rest_route=\/wp\/v2\/users\/2"}],"replies":[{"embeddable":true,"href":"https:\/\/elluchador.info\/index.php?rest_route=%2Fwp%2Fv2%2Fcomments&post=244947"}],"version-history":[{"count":1,"href":"https:\/\/elluchador.info\/index.php?rest_route=\/wp\/v2\/posts\/244947\/revisions"}],"predecessor-version":[{"id":244949,"href":"https:\/\/elluchador.info\/index.php?rest_route=\/wp\/v2\/posts\/244947\/revisions\/244949"}],"wp:featuredmedia":[{"embeddable":true,"href":"https:\/\/elluchador.info\/index.php?rest_route=\/wp\/v2\/media\/244948"}],"wp:attachment":[{"href":"https:\/\/elluchador.info\/index.php?rest_route=%2Fwp%2Fv2%2Fmedia&parent=244947"}],"wp:term":[{"taxonomy":"category","embeddable":true,"href":"https:\/\/elluchador.info\/index.php?rest_route=%2Fwp%2Fv2%2Fcategories&post=244947"},{"taxonomy":"post_tag","embeddable":true,"href":"https:\/\/elluchador.info\/index.php?rest_route=%2Fwp%2Fv2%2Ftags&post=244947"}],"curies":[{"name":"wp","href":"https:\/\/api.w.org\/{rel}","templated":true}]}}