{"id":245062,"date":"2024-08-21T08:23:00","date_gmt":"2024-08-21T12:23:00","guid":{"rendered":"https:\/\/elluchador.info\/?p=245062"},"modified":"2024-08-20T23:00:30","modified_gmt":"2024-08-21T03:00:30","slug":"mas-de-600-funcionarios-participan-en-operativo-de-seguridad-feria-del-orinoco-2024","status":"publish","type":"post","link":"https:\/\/elluchador.info\/?p=245062","title":{"rendered":"M\u00e1s de 600 funcionarios participan en operativo de seguridad Feria del Orinoco 2024"},"content":{"rendered":"\n<p>Durante la ma\u00f1ana de ayer y bajo el sol que arropa a Ciudad Bol\u00edvar y la fuerza del r\u00edo padre, se realiz\u00f3 la parada de seguridad para dar inicio a la feria del Orinoco 2024 en los espacios del Mirador Angostura de Ciudad Bol\u00edvar y donde estar\u00e1n participando m\u00e1s de 600 funcionarios de las fuerzas vivas y prevenci\u00f3n, para la protecci\u00f3n del pueblo en perfecta uni\u00f3n c\u00edvico militar policial.<\/p>\n\n\n\n<p>La parada se efectu\u00f3 en el paseo Orinoco, donde estuvo presente el alcalde Sergio Hern\u00e1ndez, as\u00ed como las autoridades los organismos de los cuerpos de seguridad y prevenci\u00f3n; acompa\u00f1ado por los directores integrales; as\u00ed como los equipos prevenci\u00f3n y rescate, quienes durante estos d\u00edas estar\u00e1n presentes en estos espacios para el resguardo de la poblaci\u00f3n.<\/p>\n\n\n\n<figure class=\"wp-block-gallery has-nested-images columns-default is-cropped wp-block-gallery-1 is-layout-flex wp-block-gallery-is-layout-flex\">\n<figure class=\"wp-block-image size-large\"><img loading=\"lazy\" decoding=\"async\" width=\"1024\" height=\"683\" data-id=\"245063\" src=\"https:\/\/elluchador.info\/wp-content\/uploads\/2024\/08\/IMG-20240820-WA0031-1024x683.jpg\" alt=\"\" class=\"wp-image-245063\" srcset=\"https:\/\/elluchador.info\/wp-content\/uploads\/2024\/08\/IMG-20240820-WA0031-1024x683.jpg 1024w, https:\/\/elluchador.info\/wp-content\/uploads\/2024\/08\/IMG-20240820-WA0031-300x200.jpg 300w, https:\/\/elluchador.info\/wp-content\/uploads\/2024\/08\/IMG-20240820-WA0031-768x512.jpg 768w, https:\/\/elluchador.info\/wp-content\/uploads\/2024\/08\/IMG-20240820-WA0031-150x100.jpg 150w, https:\/\/elluchador.info\/wp-content\/uploads\/2024\/08\/IMG-20240820-WA0031-696x464.jpg 696w, https:\/\/elluchador.info\/wp-content\/uploads\/2024\/08\/IMG-20240820-WA0031-1068x712.jpg 1068w, https:\/\/elluchador.info\/wp-content\/uploads\/2024\/08\/IMG-20240820-WA0031.jpg 1080w\" sizes=\"auto, (max-width: 1024px) 100vw, 1024px\" \/><\/figure>\n\n\n\n<figure class=\"wp-block-image size-large\"><img loading=\"lazy\" decoding=\"async\" width=\"1024\" height=\"576\" data-id=\"245064\" src=\"https:\/\/elluchador.info\/wp-content\/uploads\/2024\/08\/IMG-20240820-WA0029-1024x576.jpg\" alt=\"\" class=\"wp-image-245064\" srcset=\"https:\/\/elluchador.info\/wp-content\/uploads\/2024\/08\/IMG-20240820-WA0029-1024x576.jpg 1024w, https:\/\/elluchador.info\/wp-content\/uploads\/2024\/08\/IMG-20240820-WA0029-300x169.jpg 300w, https:\/\/elluchador.info\/wp-content\/uploads\/2024\/08\/IMG-20240820-WA0029-768x432.jpg 768w, https:\/\/elluchador.info\/wp-content\/uploads\/2024\/08\/IMG-20240820-WA0029-1536x864.jpg 1536w, https:\/\/elluchador.info\/wp-content\/uploads\/2024\/08\/IMG-20240820-WA0029-150x84.jpg 150w, https:\/\/elluchador.info\/wp-content\/uploads\/2024\/08\/IMG-20240820-WA0029-696x392.jpg 696w, https:\/\/elluchador.info\/wp-content\/uploads\/2024\/08\/IMG-20240820-WA0029-1068x601.jpg 1068w, https:\/\/elluchador.info\/wp-content\/uploads\/2024\/08\/IMG-20240820-WA0029.jpg 1600w\" sizes=\"auto, (max-width: 1024px) 100vw, 1024px\" \/><\/figure>\n<\/figure>\n\n\n\n<p>En este sentido, el l\u00edder municipal coment\u00f3 que bajo la articulaci\u00f3n perfecta se efectu\u00f3 una mesa de trabajo y de esta manera seguir apostando a la protecci\u00f3n de un evento de primera para el pueblo.<\/p>\n\n\n\n<p>Hern\u00e1ndez coment\u00f3 que los 600 uniformados estar\u00e1n desplegados a lo largo y ancho del paseo Orinoco, as\u00ed como en las transversales para la protecci\u00f3n de todos los ciudadanos.<\/p>\n\n\n\n<p>Por su parte, el director de Seguridad Ciudadana Municipal, Jerry Dur\u00e1n se\u00f1al\u00f3 que contar\u00e1n con m\u00e1s de 10 unidades patrulleras, 30 motorizados, dos equipos de rescate, motos acu\u00e1ticas, as\u00ed como participaci\u00f3n de los funcionarios de la FANB, PEB, PNB, Patrulleros de Angostura, Bomberos Municipales y Aeron\u00e1uticos, Sebin, Digecim, Inea, Protecci\u00f3n Civil e integrantes de los frentes preventivos.<\/p>\n\n\n\n<figure class=\"wp-block-gallery has-nested-images columns-default is-cropped wp-block-gallery-2 is-layout-flex wp-block-gallery-is-layout-flex\">\n<figure class=\"wp-block-image size-large\"><img loading=\"lazy\" decoding=\"async\" width=\"1024\" height=\"683\" data-id=\"245065\" src=\"https:\/\/elluchador.info\/wp-content\/uploads\/2024\/08\/IMG-20240820-WA0030-1024x683.jpg\" alt=\"\" class=\"wp-image-245065\" srcset=\"https:\/\/elluchador.info\/wp-content\/uploads\/2024\/08\/IMG-20240820-WA0030-1024x683.jpg 1024w, https:\/\/elluchador.info\/wp-content\/uploads\/2024\/08\/IMG-20240820-WA0030-300x200.jpg 300w, https:\/\/elluchador.info\/wp-content\/uploads\/2024\/08\/IMG-20240820-WA0030-768x512.jpg 768w, https:\/\/elluchador.info\/wp-content\/uploads\/2024\/08\/IMG-20240820-WA0030-150x100.jpg 150w, https:\/\/elluchador.info\/wp-content\/uploads\/2024\/08\/IMG-20240820-WA0030-696x464.jpg 696w, https:\/\/elluchador.info\/wp-content\/uploads\/2024\/08\/IMG-20240820-WA0030-1068x712.jpg 1068w, https:\/\/elluchador.info\/wp-content\/uploads\/2024\/08\/IMG-20240820-WA0030.jpg 1080w\" sizes=\"auto, (max-width: 1024px) 100vw, 1024px\" \/><\/figure>\n\n\n\n<figure class=\"wp-block-image size-large\"><img loading=\"lazy\" decoding=\"async\" width=\"1024\" height=\"683\" data-id=\"245066\" src=\"https:\/\/elluchador.info\/wp-content\/uploads\/2024\/08\/IMG-20240820-WA0032-1024x683.jpg\" alt=\"\" class=\"wp-image-245066\" srcset=\"https:\/\/elluchador.info\/wp-content\/uploads\/2024\/08\/IMG-20240820-WA0032-1024x683.jpg 1024w, https:\/\/elluchador.info\/wp-content\/uploads\/2024\/08\/IMG-20240820-WA0032-300x200.jpg 300w, https:\/\/elluchador.info\/wp-content\/uploads\/2024\/08\/IMG-20240820-WA0032-768x512.jpg 768w, https:\/\/elluchador.info\/wp-content\/uploads\/2024\/08\/IMG-20240820-WA0032-150x100.jpg 150w, https:\/\/elluchador.info\/wp-content\/uploads\/2024\/08\/IMG-20240820-WA0032-696x464.jpg 696w, https:\/\/elluchador.info\/wp-content\/uploads\/2024\/08\/IMG-20240820-WA0032-1068x712.jpg 1068w, https:\/\/elluchador.info\/wp-content\/uploads\/2024\/08\/IMG-20240820-WA0032.jpg 1080w\" sizes=\"auto, (max-width: 1024px) 100vw, 1024px\" \/><\/figure>\n<\/figure>\n\n\n\n<p>Estos con el objetivo de garantizar la seguridad y protecci\u00f3n del pueblo, porque las ferias del Orinoco son el epicentro de la familia y compartir en paz.<\/p>\n\n\n\n<p>Dur\u00e1n coment\u00f3 que Fueron desplegados los efectivos para garantizar seguridad y atenci\u00f3n a propios y visitantes durante la temporada de feria, con la presencia de militares, funcionarios policiales, Cicpc, PNB, Ven911, bomberos, personal de salud y otras instituciones civiles como Defensor\u00eda del Pueblo, Consejo de Protecci\u00f3n al Ni\u00f1o, Ni\u00f1a y Adolescente, Defensa P\u00fablica, entre otros.<\/p>\n\n\n\n<p><strong><em>Prensa Alcald\u00eda AO<\/em><\/strong><\/p>\n","protected":false},"excerpt":{"rendered":"<p>Durante la ma\u00f1ana de ayer y bajo el sol que arropa a Ciudad Bol\u00edvar y la fuerza del r\u00edo padre, se realiz\u00f3 la parada de seguridad para dar inicio a la feria del Orinoco 2024 en los espacios del Mirador Angostura de Ciudad Bol\u00edvar y donde estar\u00e1n participando m\u00e1s de 600 funcionarios de las fuerzas [&hellip;]<\/p>\n","protected":false},"author":33,"featured_media":245067,"comment_status":"closed","ping_status":"closed","sticky":false,"template":"","format":"standard","meta":{"footnotes":""},"categories":[5,12],"tags":[306,1697,105],"class_list":{"0":"post-245062","1":"post","2":"type-post","3":"status-publish","4":"format-standard","5":"has-post-thumbnail","7":"category-destacado","8":"category-regionales","9":"tag-ciudad-bolivar","10":"tag-feria-del-orinoco","11":"tag-venezuela"},"_links":{"self":[{"href":"https:\/\/elluchador.info\/index.php?rest_route=\/wp\/v2\/posts\/245062","targetHints":{"allow":["GET"]}}],"collection":[{"href":"https:\/\/elluchador.info\/index.php?rest_route=\/wp\/v2\/posts"}],"about":[{"href":"https:\/\/elluchador.info\/index.php?rest_route=\/wp\/v2\/types\/post"}],"author":[{"embeddable":true,"href":"https:\/\/elluchador.info\/index.php?rest_route=\/wp\/v2\/users\/33"}],"replies":[{"embeddable":true,"href":"https:\/\/elluchador.info\/index.php?rest_route=%2Fwp%2Fv2%2Fcomments&post=245062"}],"version-history":[{"count":1,"href":"https:\/\/elluchador.info\/index.php?rest_route=\/wp\/v2\/posts\/245062\/revisions"}],"predecessor-version":[{"id":245068,"href":"https:\/\/elluchador.info\/index.php?rest_route=\/wp\/v2\/posts\/245062\/revisions\/245068"}],"wp:featuredmedia":[{"embeddable":true,"href":"https:\/\/elluchador.info\/index.php?rest_route=\/wp\/v2\/media\/245067"}],"wp:attachment":[{"href":"https:\/\/elluchador.info\/index.php?rest_route=%2Fwp%2Fv2%2Fmedia&parent=245062"}],"wp:term":[{"taxonomy":"category","embeddable":true,"href":"https:\/\/elluchador.info\/index.php?rest_route=%2Fwp%2Fv2%2Fcategories&post=245062"},{"taxonomy":"post_tag","embeddable":true,"href":"https:\/\/elluchador.info\/index.php?rest_route=%2Fwp%2Fv2%2Ftags&post=245062"}],"curies":[{"name":"wp","href":"https:\/\/api.w.org\/{rel}","templated":true}]}}