{"id":245185,"date":"2024-08-21T17:35:31","date_gmt":"2024-08-21T21:35:31","guid":{"rendered":"https:\/\/elluchador.info\/?p=245185"},"modified":"2024-08-21T17:35:34","modified_gmt":"2024-08-21T21:35:34","slug":"ciudad-guayana-contara-con-nueva-unidad-de-dialisis","status":"publish","type":"post","link":"https:\/\/elluchador.info\/?p=245185","title":{"rendered":"Ciudad Guayana contar\u00e1 con nueva Unidad de Di\u00e1lisis"},"content":{"rendered":"\n<p>La gesti\u00f3n del gobernador \u00c1ngel Marcano contin\u00faa con voluntad y trabajo, mejorando el sistema de salud p\u00fablica en Bol\u00edvar. La nueva Unidad de Di\u00e1lisis de Guayana se acondiciona en la sede del hospital de Trauma y Soporte Vital, en San F\u00e9lix, municipio Caron\u00ed.<\/p>\n\n\n\n<p>Estas labores se ejecutan a trav\u00e9s de Inviobras y est\u00e1n en su segunda fase, con la sustituci\u00f3n de tableros, reparaci\u00f3n, sustituci\u00f3n del sistema el\u00e9ctrico y reparaci\u00f3n de ba\u00f1os comunes.<\/p>\n\n\n\n<figure class=\"wp-block-gallery has-nested-images columns-default is-cropped wp-block-gallery-1 is-layout-flex wp-block-gallery-is-layout-flex\">\n<figure class=\"wp-block-image size-large\"><img loading=\"lazy\" decoding=\"async\" width=\"1024\" height=\"683\" data-id=\"245186\" src=\"https:\/\/elluchador.info\/wp-content\/uploads\/2024\/08\/2-mejoras-1024x683.jpeg\" alt=\"\" class=\"wp-image-245186\" srcset=\"https:\/\/elluchador.info\/wp-content\/uploads\/2024\/08\/2-mejoras-1024x683.jpeg 1024w, https:\/\/elluchador.info\/wp-content\/uploads\/2024\/08\/2-mejoras-300x200.jpeg 300w, https:\/\/elluchador.info\/wp-content\/uploads\/2024\/08\/2-mejoras-768x512.jpeg 768w, https:\/\/elluchador.info\/wp-content\/uploads\/2024\/08\/2-mejoras-1536x1024.jpeg 1536w, https:\/\/elluchador.info\/wp-content\/uploads\/2024\/08\/2-mejoras-2048x1365.jpeg 2048w, https:\/\/elluchador.info\/wp-content\/uploads\/2024\/08\/2-mejoras-150x100.jpeg 150w, https:\/\/elluchador.info\/wp-content\/uploads\/2024\/08\/2-mejoras-696x464.jpeg 696w, https:\/\/elluchador.info\/wp-content\/uploads\/2024\/08\/2-mejoras-1068x712.jpeg 1068w, https:\/\/elluchador.info\/wp-content\/uploads\/2024\/08\/2-mejoras-1920x1280.jpeg 1920w\" sizes=\"auto, (max-width: 1024px) 100vw, 1024px\" \/><figcaption class=\"wp-element-caption\"><strong><sup>\u00c1reas contar\u00e1n con cuartos de descanso, consultorios y sala de recuperaci\u00f3n<\/sup><\/strong><\/figcaption><\/figure>\n\n\n\n<figure class=\"wp-block-image size-large\"><img loading=\"lazy\" decoding=\"async\" width=\"1024\" height=\"683\" data-id=\"245187\" src=\"https:\/\/elluchador.info\/wp-content\/uploads\/2024\/08\/3-Mejoras-1024x683.jpeg\" alt=\"\" class=\"wp-image-245187\" srcset=\"https:\/\/elluchador.info\/wp-content\/uploads\/2024\/08\/3-Mejoras-1024x683.jpeg 1024w, https:\/\/elluchador.info\/wp-content\/uploads\/2024\/08\/3-Mejoras-300x200.jpeg 300w, https:\/\/elluchador.info\/wp-content\/uploads\/2024\/08\/3-Mejoras-768x512.jpeg 768w, https:\/\/elluchador.info\/wp-content\/uploads\/2024\/08\/3-Mejoras-1536x1024.jpeg 1536w, https:\/\/elluchador.info\/wp-content\/uploads\/2024\/08\/3-Mejoras-2048x1365.jpeg 2048w, https:\/\/elluchador.info\/wp-content\/uploads\/2024\/08\/3-Mejoras-150x100.jpeg 150w, https:\/\/elluchador.info\/wp-content\/uploads\/2024\/08\/3-Mejoras-696x464.jpeg 696w, https:\/\/elluchador.info\/wp-content\/uploads\/2024\/08\/3-Mejoras-1068x712.jpeg 1068w, https:\/\/elluchador.info\/wp-content\/uploads\/2024\/08\/3-Mejoras-1920x1280.jpeg 1920w\" sizes=\"auto, (max-width: 1024px) 100vw, 1024px\" \/><figcaption class=\"wp-element-caption\"><strong><sup>Trabajos de sustituci\u00f3n de techo e iluminaci\u00f3n culminaron<\/sup><\/strong><\/figcaption><\/figure>\n<\/figure>\n\n\n\n<p>Las cuadrillas de Inviobras realizan mantenimiento y sustituci\u00f3n de ductos para la instalaci\u00f3n del sistema de climatizaci\u00f3n, adem\u00e1s del acondicionamiento de habitaciones para m\u00e9dicos y enfermeras, y reparaci\u00f3n de sanitarios. Durante la primera fase se culminaron trabajos de nivelaci\u00f3n e impermeabilizaci\u00f3n en m\u00e1s de 1600 metros de techo, sustituci\u00f3n de techo, por techo pvc e instalaci\u00f3n de luminarias. <\/p>\n\n\n\n<figure class=\"wp-block-gallery has-nested-images columns-default is-cropped wp-block-gallery-2 is-layout-flex wp-block-gallery-is-layout-flex\">\n<figure class=\"wp-block-image size-large\"><img loading=\"lazy\" decoding=\"async\" width=\"1024\" height=\"683\" data-id=\"245188\" src=\"https:\/\/elluchador.info\/wp-content\/uploads\/2024\/08\/IMG-20240821-WA0005-1024x683.jpeg\" alt=\"\" class=\"wp-image-245188\" srcset=\"https:\/\/elluchador.info\/wp-content\/uploads\/2024\/08\/IMG-20240821-WA0005-1024x683.jpeg 1024w, https:\/\/elluchador.info\/wp-content\/uploads\/2024\/08\/IMG-20240821-WA0005-300x200.jpeg 300w, https:\/\/elluchador.info\/wp-content\/uploads\/2024\/08\/IMG-20240821-WA0005-768x512.jpeg 768w, https:\/\/elluchador.info\/wp-content\/uploads\/2024\/08\/IMG-20240821-WA0005-1536x1024.jpeg 1536w, https:\/\/elluchador.info\/wp-content\/uploads\/2024\/08\/IMG-20240821-WA0005-2048x1365.jpeg 2048w, https:\/\/elluchador.info\/wp-content\/uploads\/2024\/08\/IMG-20240821-WA0005-150x100.jpeg 150w, https:\/\/elluchador.info\/wp-content\/uploads\/2024\/08\/IMG-20240821-WA0005-696x464.jpeg 696w, https:\/\/elluchador.info\/wp-content\/uploads\/2024\/08\/IMG-20240821-WA0005-1068x712.jpeg 1068w, https:\/\/elluchador.info\/wp-content\/uploads\/2024\/08\/IMG-20240821-WA0005-1920x1280.jpeg 1920w\" sizes=\"auto, (max-width: 1024px) 100vw, 1024px\" \/><figcaption class=\"wp-element-caption\"><strong>Sistema el\u00e9ctrico est\u00e1 siendo sustituido<\/strong><\/figcaption><\/figure>\n\n\n\n<figure class=\"wp-block-image size-large\"><img loading=\"lazy\" decoding=\"async\" width=\"1024\" height=\"683\" data-id=\"245189\" src=\"https:\/\/elluchador.info\/wp-content\/uploads\/2024\/08\/4-mejoras--1024x683.jpeg\" alt=\"\" class=\"wp-image-245189\" srcset=\"https:\/\/elluchador.info\/wp-content\/uploads\/2024\/08\/4-mejoras--1024x683.jpeg 1024w, https:\/\/elluchador.info\/wp-content\/uploads\/2024\/08\/4-mejoras--300x200.jpeg 300w, https:\/\/elluchador.info\/wp-content\/uploads\/2024\/08\/4-mejoras--768x512.jpeg 768w, https:\/\/elluchador.info\/wp-content\/uploads\/2024\/08\/4-mejoras--1536x1024.jpeg 1536w, https:\/\/elluchador.info\/wp-content\/uploads\/2024\/08\/4-mejoras--2048x1365.jpeg 2048w, https:\/\/elluchador.info\/wp-content\/uploads\/2024\/08\/4-mejoras--150x100.jpeg 150w, https:\/\/elluchador.info\/wp-content\/uploads\/2024\/08\/4-mejoras--696x464.jpeg 696w, https:\/\/elluchador.info\/wp-content\/uploads\/2024\/08\/4-mejoras--1068x712.jpeg 1068w, https:\/\/elluchador.info\/wp-content\/uploads\/2024\/08\/4-mejoras--1920x1280.jpeg 1920w\" sizes=\"auto, (max-width: 1024px) 100vw, 1024px\" \/><figcaption class=\"wp-element-caption\"><strong>Sala principal de di\u00e1lisis contar\u00e1 con 18 m\u00e1quinas<\/strong><\/figcaption><\/figure>\n<\/figure>\n\n\n\n<p>Se colocaron m\u00e1s de 300 metros de cableado de cobre para asegurar un sistema el\u00e9ctrico<br>resistente y acorde al sistema de climatizaci\u00f3n que se instalar\u00e1 en la \u00faltima fase de esta obra.<\/p>\n\n\n\n<p><strong>Distribuci\u00f3n<\/strong><\/p>\n\n\n\n<p>De acuerdo a la informaci\u00f3n suministrada por el director del hospital de Trauma y Soporte Vital, doctor Juan Arocha, este proyecto que desarrolla la Gobernaci\u00f3n de Bol\u00edvar contar\u00e1 con una sala principal de di\u00e1lisis con 18 m\u00e1quinas, una unidad de emergencia y una unidad de di\u00e1lisis especial con 4 m\u00e1quinas. Se estima que esta nueva obra tendr\u00e1 una capacidad de atender a 140 pacientes renales diarios.<\/p>\n\n\n\n<p><strong><em>Prensa Gobernaci\u00f3n de Bol\u00edvar<\/em><\/strong><\/p>\n","protected":false},"excerpt":{"rendered":"<p>La gesti\u00f3n del gobernador \u00c1ngel Marcano contin\u00faa con voluntad y trabajo, mejorando el sistema de salud p\u00fablica en Bol\u00edvar. La nueva Unidad de Di\u00e1lisis de Guayana se acondiciona en la sede del hospital de Trauma y Soporte Vital, en San F\u00e9lix, municipio Caron\u00ed. Estas labores se ejecutan a trav\u00e9s de Inviobras y est\u00e1n en su [&hellip;]<\/p>\n","protected":false},"author":33,"featured_media":245190,"comment_status":"closed","ping_status":"closed","sticky":false,"template":"","format":"standard","meta":{"footnotes":""},"categories":[12],"tags":[306,1178],"class_list":{"0":"post-245185","1":"post","2":"type-post","3":"status-publish","4":"format-standard","5":"has-post-thumbnail","7":"category-regionales","8":"tag-ciudad-bolivar","9":"tag-ciudad-guayana"},"_links":{"self":[{"href":"https:\/\/elluchador.info\/index.php?rest_route=\/wp\/v2\/posts\/245185","targetHints":{"allow":["GET"]}}],"collection":[{"href":"https:\/\/elluchador.info\/index.php?rest_route=\/wp\/v2\/posts"}],"about":[{"href":"https:\/\/elluchador.info\/index.php?rest_route=\/wp\/v2\/types\/post"}],"author":[{"embeddable":true,"href":"https:\/\/elluchador.info\/index.php?rest_route=\/wp\/v2\/users\/33"}],"replies":[{"embeddable":true,"href":"https:\/\/elluchador.info\/index.php?rest_route=%2Fwp%2Fv2%2Fcomments&post=245185"}],"version-history":[{"count":1,"href":"https:\/\/elluchador.info\/index.php?rest_route=\/wp\/v2\/posts\/245185\/revisions"}],"predecessor-version":[{"id":245191,"href":"https:\/\/elluchador.info\/index.php?rest_route=\/wp\/v2\/posts\/245185\/revisions\/245191"}],"wp:featuredmedia":[{"embeddable":true,"href":"https:\/\/elluchador.info\/index.php?rest_route=\/wp\/v2\/media\/245190"}],"wp:attachment":[{"href":"https:\/\/elluchador.info\/index.php?rest_route=%2Fwp%2Fv2%2Fmedia&parent=245185"}],"wp:term":[{"taxonomy":"category","embeddable":true,"href":"https:\/\/elluchador.info\/index.php?rest_route=%2Fwp%2Fv2%2Fcategories&post=245185"},{"taxonomy":"post_tag","embeddable":true,"href":"https:\/\/elluchador.info\/index.php?rest_route=%2Fwp%2Fv2%2Ftags&post=245185"}],"curies":[{"name":"wp","href":"https:\/\/api.w.org\/{rel}","templated":true}]}}