{"id":245195,"date":"2024-08-21T18:05:32","date_gmt":"2024-08-21T22:05:32","guid":{"rendered":"https:\/\/elluchador.info\/?p=245195"},"modified":"2024-08-21T18:05:35","modified_gmt":"2024-08-21T22:05:35","slug":"bukele-el-salvador-tiene-el-mejor-sistema-de-justicia-penal-en-el-mundo","status":"publish","type":"post","link":"https:\/\/elluchador.info\/?p=245195","title":{"rendered":"Bukele: El Salvador tiene el mejor sistema de justicia penal \u00aben el mundo\u00bb"},"content":{"rendered":"\n<p>El presidente Nayib Bukele asegur\u00f3 este mi\u00e9rcoles en un mensaje en X que el sistema de justicia penal de El Salvador es \u00abel mejor del mundo\u00bb, esto en referencia a un proyecto de rehabilitaci\u00f3n para \u00abcriminales no violentos\u00bb.<\/p>\n\n\n\n<p>\u00abSolo esperen a ver a estos tipos (presos) reconstruyendo nuestro pa\u00eds y al mismo tiempo reduciendo sus sentencias. Realmente tenemos el mejor sistema de justicia penal del mundo\u00bb, escribi\u00f3 Bukele.<\/p>\n\n\n\n<p>El mandatario salvadore\u00f1o apunt\u00f3 el martes, tambi\u00e9n en un mensaje en X, que \u00ablos pandilleros pasar\u00e1n toda su vida en prisi\u00f3n. Pero los criminales no violentos pueden recibir entrenamiento y saldar su deuda con la sociedad\u00bb.<\/p>\n\n\n\n<p>Indic\u00f3, como complemento de un video en el que se ve a prisioneros realizando diversas tareas, que \u00abya hemos empezado con los primeros 48.000\u00bb.<\/p>\n\n\n\n<p>Bukele comparti\u00f3 en julio pasado que \u00abmiles\u00bb de prisioneros \u00abno peligrosos, no miembros de pandillas\u00bb son capacitados, sin detallar en qu\u00e9 \u00e1reas, para \u00abreconstruir\u00bb el pa\u00eds.<\/p>\n\n\n\n<p>Seg\u00fan cifras oficiales, desde marzo de 2022 a este a\u00f1o, se han registrado m\u00e1s de 81.100 detenciones bajo el r\u00e9gimen de excepci\u00f3n, entre los que se encuentran m\u00e1s de 7.000 personas que han sido puestas en libertad condicional.<\/p>\n\n\n\n<p>Con informaci\u00f3n <em><strong>El Siglo Panam\u00e1<\/strong><\/em><\/p>\n","protected":false},"excerpt":{"rendered":"<p>El presidente Nayib Bukele asegur\u00f3 este mi\u00e9rcoles en un mensaje en X que el sistema de justicia penal de El Salvador es \u00abel mejor del mundo\u00bb, esto en referencia a un proyecto de rehabilitaci\u00f3n para \u00abcriminales no violentos\u00bb. \u00abSolo esperen a ver a estos tipos (presos) reconstruyendo nuestro pa\u00eds y al mismo tiempo reduciendo sus [&hellip;]<\/p>\n","protected":false},"author":33,"featured_media":245196,"comment_status":"closed","ping_status":"closed","sticky":false,"template":"","format":"standard","meta":{"footnotes":""},"categories":[8],"tags":[1799,394],"class_list":{"0":"post-245195","1":"post","2":"type-post","3":"status-publish","4":"format-standard","5":"has-post-thumbnail","7":"category-internacionales","8":"tag-bukele","9":"tag-presos"},"_links":{"self":[{"href":"https:\/\/elluchador.info\/index.php?rest_route=\/wp\/v2\/posts\/245195","targetHints":{"allow":["GET"]}}],"collection":[{"href":"https:\/\/elluchador.info\/index.php?rest_route=\/wp\/v2\/posts"}],"about":[{"href":"https:\/\/elluchador.info\/index.php?rest_route=\/wp\/v2\/types\/post"}],"author":[{"embeddable":true,"href":"https:\/\/elluchador.info\/index.php?rest_route=\/wp\/v2\/users\/33"}],"replies":[{"embeddable":true,"href":"https:\/\/elluchador.info\/index.php?rest_route=%2Fwp%2Fv2%2Fcomments&post=245195"}],"version-history":[{"count":1,"href":"https:\/\/elluchador.info\/index.php?rest_route=\/wp\/v2\/posts\/245195\/revisions"}],"predecessor-version":[{"id":245197,"href":"https:\/\/elluchador.info\/index.php?rest_route=\/wp\/v2\/posts\/245195\/revisions\/245197"}],"wp:featuredmedia":[{"embeddable":true,"href":"https:\/\/elluchador.info\/index.php?rest_route=\/wp\/v2\/media\/245196"}],"wp:attachment":[{"href":"https:\/\/elluchador.info\/index.php?rest_route=%2Fwp%2Fv2%2Fmedia&parent=245195"}],"wp:term":[{"taxonomy":"category","embeddable":true,"href":"https:\/\/elluchador.info\/index.php?rest_route=%2Fwp%2Fv2%2Fcategories&post=245195"},{"taxonomy":"post_tag","embeddable":true,"href":"https:\/\/elluchador.info\/index.php?rest_route=%2Fwp%2Fv2%2Ftags&post=245195"}],"curies":[{"name":"wp","href":"https:\/\/api.w.org\/{rel}","templated":true}]}}