{"id":245465,"date":"2024-08-24T08:04:21","date_gmt":"2024-08-24T12:04:21","guid":{"rendered":"https:\/\/elluchador.info\/?p=245465"},"modified":"2024-08-24T08:04:25","modified_gmt":"2024-08-24T12:04:25","slug":"gobierno-de-ecuador-decreta-amnistia-migratoria-y-regularizacion-para-venezolanos","status":"publish","type":"post","link":"https:\/\/elluchador.info\/?p=245465","title":{"rendered":"Gobierno de Ecuador decreta amnist\u00eda migratoria y regularizaci\u00f3n para venezolanos"},"content":{"rendered":"\n<p>El Gobierno de Ecuador decidi\u00f3 este viernes otorgar una amnist\u00eda migratoria y establecer un nuevo proceso de regularizaci\u00f3n para venezolanos y sus familias que se encuentren en el pa\u00eds, y que cuenten con un certificado de permanencia migratoria caducado o que a\u00fan no hayan obtenido un visado especial.<\/p>\n\n\n\n<p>El Ejecutivo, mediante un decreto ejecutivo firmado por el presidente Daniel Noboa, decidi\u00f3 \u00abotorgar amnist\u00eda migratoria y establecer un proceso extraordinario de regularizaci\u00f3n para personas de nacionalidad venezolana en situaci\u00f3n de movilidad humana y su grupo familiar\u00bb.<\/p>\n\n\n\n<p>Los beneficiarios deben haber realizado el proceso de Registro de Permanencia Migratoria activado en junio de 2022, contar con el certificado aunque est\u00e9 caducado y no haber obtenido el Visado de Residencia Temporal de Excepci\u00f3n (Virte II), emitido en un anterior proceso de legalizaci\u00f3n de migrantes venezolanos.<\/p>\n\n\n\n<p>El Ministerio del Interior ecuatoriano deber\u00e1 renovar los certificados y las autorizaciones de permanencia, con el fin de avalar que los beneficiarios puedan acceder al visado Virte II renovado.<\/p>\n\n\n\n<p>El proceso de regularizaci\u00f3n tendr\u00e1 una duraci\u00f3n de 8 meses, el formulario de la solicitud para el registro ser\u00e1 gratuito, pero los migrantes venezolanos deber\u00e1n cubrir el valor del visado y de la c\u00e9dula de ciudadan\u00eda (carn\u00e9 de identidad) emitido por la entidad respectiva, se\u00f1ala el decreto ejecutivo.<\/p>\n\n\n\n<p>El Virte II tendr\u00e1 una vigencia de dos a\u00f1os y podr\u00e1 ser prorrogado por una sola vez y por el mismo periodo, sin perjudicar el hecho de que el solicitante pueda cambiar en ese periodo su estatus migratorio.<\/p>\n\n\n\n<p>El decreto tambi\u00e9n ordena al Ministerio de Inclusi\u00f3n Econ\u00f3mica y Social (MIES) apoyar el proceso de regularizaci\u00f3n y reforzar la amnist\u00eda migratoria para ni\u00f1os y adolescentes venezolanos que est\u00e9n \u00absolos, no acompa\u00f1ados o separados\u00bb.<\/p>\n\n\n\n<p>Asimismo, las instituciones ecuatorianas involucradas, deben aceptar documentos de identidad o pasaportes de los solicitantes que tengan hasta 5 a\u00f1os de vencimiento.<\/p>\n\n\n\n<p>Adem\u00e1s, en el proceso, el Ministerio del Interior y la Direcci\u00f3n de Inteligencia de la Polic\u00eda evaluar\u00e1n el perfil de \u00abriesgo o amenaza a la seguridad p\u00fablica\u00bb de los solicitantes.<\/p>\n\n\n\n<p>Con informaci\u00f3n <strong><em>AFP<\/em><\/strong><\/p>\n","protected":false},"excerpt":{"rendered":"<p>El Gobierno de Ecuador decidi\u00f3 este viernes otorgar una amnist\u00eda migratoria y establecer un nuevo proceso de regularizaci\u00f3n para venezolanos y sus familias que se encuentren en el pa\u00eds, y que cuenten con un certificado de permanencia migratoria caducado o que a\u00fan no hayan obtenido un visado especial. El Ejecutivo, mediante un decreto ejecutivo firmado [&hellip;]<\/p>\n","protected":false},"author":33,"featured_media":245466,"comment_status":"closed","ping_status":"closed","sticky":false,"template":"","format":"standard","meta":{"footnotes":""},"categories":[8],"tags":[357,119,105],"class_list":{"0":"post-245465","1":"post","2":"type-post","3":"status-publish","4":"format-standard","5":"has-post-thumbnail","7":"category-internacionales","8":"tag-migrantes","9":"tag-venezolanos","10":"tag-venezuela"},"_links":{"self":[{"href":"https:\/\/elluchador.info\/index.php?rest_route=\/wp\/v2\/posts\/245465","targetHints":{"allow":["GET"]}}],"collection":[{"href":"https:\/\/elluchador.info\/index.php?rest_route=\/wp\/v2\/posts"}],"about":[{"href":"https:\/\/elluchador.info\/index.php?rest_route=\/wp\/v2\/types\/post"}],"author":[{"embeddable":true,"href":"https:\/\/elluchador.info\/index.php?rest_route=\/wp\/v2\/users\/33"}],"replies":[{"embeddable":true,"href":"https:\/\/elluchador.info\/index.php?rest_route=%2Fwp%2Fv2%2Fcomments&post=245465"}],"version-history":[{"count":1,"href":"https:\/\/elluchador.info\/index.php?rest_route=\/wp\/v2\/posts\/245465\/revisions"}],"predecessor-version":[{"id":245467,"href":"https:\/\/elluchador.info\/index.php?rest_route=\/wp\/v2\/posts\/245465\/revisions\/245467"}],"wp:featuredmedia":[{"embeddable":true,"href":"https:\/\/elluchador.info\/index.php?rest_route=\/wp\/v2\/media\/245466"}],"wp:attachment":[{"href":"https:\/\/elluchador.info\/index.php?rest_route=%2Fwp%2Fv2%2Fmedia&parent=245465"}],"wp:term":[{"taxonomy":"category","embeddable":true,"href":"https:\/\/elluchador.info\/index.php?rest_route=%2Fwp%2Fv2%2Fcategories&post=245465"},{"taxonomy":"post_tag","embeddable":true,"href":"https:\/\/elluchador.info\/index.php?rest_route=%2Fwp%2Fv2%2Ftags&post=245465"}],"curies":[{"name":"wp","href":"https:\/\/api.w.org\/{rel}","templated":true}]}}