{"id":245825,"date":"2024-08-26T16:41:44","date_gmt":"2024-08-26T20:41:44","guid":{"rendered":"https:\/\/elluchador.info\/?p=245825"},"modified":"2024-08-26T16:41:47","modified_gmt":"2024-08-26T20:41:47","slug":"marcano-en-bolivar-instalaremos-gabinetes-comunales","status":"publish","type":"post","link":"https:\/\/elluchador.info\/?p=245825","title":{"rendered":"Marcano: En Bol\u00edvar instalaremos Gabinetes Comunales"},"content":{"rendered":"\n<p>Tras los exitosos resultados de la jornada electoral de este domingo 25 de agosto, donde se postularon m\u00e1s de 1.253 proyectos comunitarios en la regi\u00f3n durante la segunda Consulta Popular Nacional, el gobernador del estado Bol\u00edvar, \u00c1ngel Marcano, anunci\u00f3 que instalar\u00e1n Gabinetes Comunales.<\/p>\n\n\n\n<p>\u201cEsta semana los instalaremos en el Sal\u00f3n Piar en Ciudad Bol\u00edvar, el gabinete regional, luego lo haremos a escala municipal\u201d. El l\u00edder regional asegur\u00f3 que la jornada electoral derrot\u00f3 al fascismo.<\/p>\n\n\n\n<p>\u201cEl poder popular fue el victorioso en esta Consulta Nacional, una vez m\u00e1s qued\u00f3 demostrado que en Venezuela manda el pueblo, un pueblo que quiere paz y resolver sus problemas comunitarios\u201d.<\/p>\n\n\n\n<figure class=\"wp-block-gallery has-nested-images columns-default is-cropped wp-block-gallery-1 is-layout-flex wp-block-gallery-is-layout-flex\">\n<figure class=\"wp-block-image size-large\"><img loading=\"lazy\" decoding=\"async\" width=\"1024\" height=\"682\" data-id=\"245826\" src=\"https:\/\/elluchador.info\/wp-content\/uploads\/2024\/08\/2-programa--1024x682.jpeg\" alt=\"\" class=\"wp-image-245826\" srcset=\"https:\/\/elluchador.info\/wp-content\/uploads\/2024\/08\/2-programa--1024x682.jpeg 1024w, https:\/\/elluchador.info\/wp-content\/uploads\/2024\/08\/2-programa--300x200.jpeg 300w, https:\/\/elluchador.info\/wp-content\/uploads\/2024\/08\/2-programa--768x512.jpeg 768w, https:\/\/elluchador.info\/wp-content\/uploads\/2024\/08\/2-programa--1536x1024.jpeg 1536w, https:\/\/elluchador.info\/wp-content\/uploads\/2024\/08\/2-programa--2048x1365.jpeg 2048w, https:\/\/elluchador.info\/wp-content\/uploads\/2024\/08\/2-programa--150x100.jpeg 150w, https:\/\/elluchador.info\/wp-content\/uploads\/2024\/08\/2-programa--696x464.jpeg 696w, https:\/\/elluchador.info\/wp-content\/uploads\/2024\/08\/2-programa--1068x712.jpeg 1068w, https:\/\/elluchador.info\/wp-content\/uploads\/2024\/08\/2-programa--1920x1280.jpeg 1920w\" sizes=\"auto, (max-width: 1024px) 100vw, 1024px\" \/><figcaption class=\"wp-element-caption\"><strong>Liz Coecher, directora regional del Ministerio de las Comunas<\/strong><\/figcaption><\/figure>\n\n\n\n<figure class=\"wp-block-image size-large\"><img loading=\"lazy\" decoding=\"async\" width=\"1024\" height=\"682\" data-id=\"245827\" src=\"https:\/\/elluchador.info\/wp-content\/uploads\/2024\/08\/3-programa-1024x682.jpeg\" alt=\"\" class=\"wp-image-245827\" srcset=\"https:\/\/elluchador.info\/wp-content\/uploads\/2024\/08\/3-programa-1024x682.jpeg 1024w, https:\/\/elluchador.info\/wp-content\/uploads\/2024\/08\/3-programa-300x200.jpeg 300w, https:\/\/elluchador.info\/wp-content\/uploads\/2024\/08\/3-programa-768x512.jpeg 768w, https:\/\/elluchador.info\/wp-content\/uploads\/2024\/08\/3-programa-1536x1024.jpeg 1536w, https:\/\/elluchador.info\/wp-content\/uploads\/2024\/08\/3-programa-2048x1365.jpeg 2048w, https:\/\/elluchador.info\/wp-content\/uploads\/2024\/08\/3-programa-150x100.jpeg 150w, https:\/\/elluchador.info\/wp-content\/uploads\/2024\/08\/3-programa-696x464.jpeg 696w, https:\/\/elluchador.info\/wp-content\/uploads\/2024\/08\/3-programa-1068x712.jpeg 1068w, https:\/\/elluchador.info\/wp-content\/uploads\/2024\/08\/3-programa-1920x1280.jpeg 1920w\" sizes=\"auto, (max-width: 1024px) 100vw, 1024px\" \/><figcaption class=\"wp-element-caption\"><em><strong>Leonardo Ram\u00edrez, parlamentario de la Comuna \u201cSamuel Robinson\u201d, <\/strong><\/em><br><em><strong>parroquia Unare<\/strong><\/em><\/figcaption><\/figure>\n<\/figure>\n\n\n\n<p>Marcano dijo que Ch\u00e1vez y Maduro han desarrollado el socialismo del siglo XXI junto con el pueblo. \u201cLo vimos en este ejercicio social, donde el poder popular amparado por las leyes ha llevado la organizaci\u00f3n a otro nivel\u201d.<\/p>\n\n\n\n<p>El Gobernador refiri\u00f3 que est\u00e1 cambiando la forma de gobernar. \u201cNosotros acompa\u00f1aremos al pueblo en la planificaci\u00f3n de las pol\u00edticas p\u00fablicas, trabajaremos directamente en los proyectos prioritarios con apoyo de nuestro hermano, presidente Nicol\u00e1s Maduro\u201d.<\/p>\n\n\n\n<p>Asegur\u00f3 que si logran organizarse con las comunas, consejos comunales y circuitos comunales, Venezuela seguir\u00e1 su rumbo al desarrollo en todas las \u00e1reas.<\/p>\n\n\n\n<p><strong>Poder protag\u00f3nico comunal<\/strong><\/p>\n\n\n\n<p>En la emisi\u00f3n #116 del programa \u201c\u00c1ngel Marcano Hoy\u201d, fueron invitados l\u00edderes comunitarios, quienes explicaron sus experiencias con la ejecuci\u00f3n de sus proyectos. Leonardo Ram\u00edrez, parlamentario de la Comuna \u201cSamuel Robinson\u201d, en la parroquia Unare, coment\u00f3 que en la primera Consulta Popular Nacional del mes de abril del a\u00f1o 2024, se aprobaron 4 proyectos de rehabilitaci\u00f3n de centros educativos.<\/p>\n\n\n\n<p>\u201cLogramos un 100% de la ejecuci\u00f3n de las rehabilitaciones en la Escuela B\u00e1sica Estadal R\u00f3mulo Gallegos, ubicada en el sector Colinas de Unare, tambi\u00e9n se avanz\u00f3 en el colegio Auyantepuy y en el Liceo Unare III, con pintura de la estructura, reparaci\u00f3n de ba\u00f1os y adquisici\u00f3n de un freezer para el comedor escolar.<\/p>\n\n\n\n<figure class=\"wp-block-gallery has-nested-images columns-default is-cropped wp-block-gallery-2 is-layout-flex wp-block-gallery-is-layout-flex\">\n<figure class=\"wp-block-image size-large\"><img loading=\"lazy\" decoding=\"async\" width=\"1024\" height=\"682\" data-id=\"245828\" src=\"https:\/\/elluchador.info\/wp-content\/uploads\/2024\/08\/4-programa--1024x682.jpeg\" alt=\"\" class=\"wp-image-245828\" srcset=\"https:\/\/elluchador.info\/wp-content\/uploads\/2024\/08\/4-programa--1024x682.jpeg 1024w, https:\/\/elluchador.info\/wp-content\/uploads\/2024\/08\/4-programa--300x200.jpeg 300w, https:\/\/elluchador.info\/wp-content\/uploads\/2024\/08\/4-programa--768x512.jpeg 768w, https:\/\/elluchador.info\/wp-content\/uploads\/2024\/08\/4-programa--1536x1024.jpeg 1536w, https:\/\/elluchador.info\/wp-content\/uploads\/2024\/08\/4-programa--2048x1365.jpeg 2048w, https:\/\/elluchador.info\/wp-content\/uploads\/2024\/08\/4-programa--150x100.jpeg 150w, https:\/\/elluchador.info\/wp-content\/uploads\/2024\/08\/4-programa--696x464.jpeg 696w, https:\/\/elluchador.info\/wp-content\/uploads\/2024\/08\/4-programa--1068x712.jpeg 1068w, https:\/\/elluchador.info\/wp-content\/uploads\/2024\/08\/4-programa--1920x1280.jpeg 1920w\" sizes=\"auto, (max-width: 1024px) 100vw, 1024px\" \/><figcaption class=\"wp-element-caption\"> <em>Samuel Brito, representante de la Comuna \u201cBicentenaria Pozo Verde\u201d<\/em><\/figcaption><\/figure>\n\n\n\n<figure class=\"wp-block-image size-large\"><img loading=\"lazy\" decoding=\"async\" width=\"1024\" height=\"682\" data-id=\"245829\" src=\"https:\/\/elluchador.info\/wp-content\/uploads\/2024\/08\/5-programa--1024x682.jpeg\" alt=\"\" class=\"wp-image-245829\" srcset=\"https:\/\/elluchador.info\/wp-content\/uploads\/2024\/08\/5-programa--1024x682.jpeg 1024w, https:\/\/elluchador.info\/wp-content\/uploads\/2024\/08\/5-programa--300x200.jpeg 300w, https:\/\/elluchador.info\/wp-content\/uploads\/2024\/08\/5-programa--768x512.jpeg 768w, https:\/\/elluchador.info\/wp-content\/uploads\/2024\/08\/5-programa--1536x1024.jpeg 1536w, https:\/\/elluchador.info\/wp-content\/uploads\/2024\/08\/5-programa--2048x1365.jpeg 2048w, https:\/\/elluchador.info\/wp-content\/uploads\/2024\/08\/5-programa--150x100.jpeg 150w, https:\/\/elluchador.info\/wp-content\/uploads\/2024\/08\/5-programa--696x464.jpeg 696w, https:\/\/elluchador.info\/wp-content\/uploads\/2024\/08\/5-programa--1068x712.jpeg 1068w, https:\/\/elluchador.info\/wp-content\/uploads\/2024\/08\/5-programa--1920x1280.jpeg 1920w\" sizes=\"auto, (max-width: 1024px) 100vw, 1024px\" \/><figcaption class=\"wp-element-caption\"><em>L\u00edder regional acompa\u00f1ado de los l\u00edderes comunales, gabinete de gobierno y asamble\u00edstas<\/em><\/figcaption><\/figure>\n<\/figure>\n\n\n\n<p>Por su parte, Samuel Brito, representante de la Comuna \u201cBicentenaria Pozo Verde\u201d, manifest\u00f3 que en la jornada electoral comunal se escogi\u00f3 un proyecto para la dotaci\u00f3n de insumos agr\u00edcolas y maquinaria para el sector campesino.<\/p>\n\n\n\n<p>Inform\u00f3 que han tenido un gran impulso por parte del Gobierno Nacional a trav\u00e9s de Safonapp (Servicio Fondo Nacional del Poder Popular), ente del Ministerio del Poder Popular para las Comunas y Movimientos Sociales, para la adquisici\u00f3n de dos veh\u00edculos, que les permitir\u00e1n distribuir sus rubros a sectores como El Roble, Los Mangos y Core 8.<\/p>\n\n\n\n<p>Mientras tanto, Alexis V\u00e1squez, representante de la Comuna \u201cSim\u00f3n Rodr\u00edguez\u201d, del sector UD 146, en el municipio Caron\u00ed, hizo un contacto telef\u00f3nico para anunciar avances en los trabajos de instalaci\u00f3n de mil metros de tuber\u00eda de aguas blancas.<\/p>\n\n\n\n<p><strong>Parlamentarios con el pueblo<\/strong><\/p>\n\n\n\n<p>Tambi\u00e9n en la cadena radial, trasmitida en redes oficiales; Tiktok @amarcanopsuv y en<br>Instagram @vamosconmarcano participaron los diputados a la Asamblea Nacional (AN),<br>pertenecientes al bloque parlamentario de Bol\u00edvar, en respaldo a la segunda Consulta Popular Nacional.<\/p>\n\n\n<div class=\"wp-block-image\">\n<figure class=\"aligncenter size-large is-resized\"><img loading=\"lazy\" decoding=\"async\" width=\"1024\" height=\"682\" src=\"https:\/\/elluchador.info\/wp-content\/uploads\/2024\/08\/6-programa-26-1024x682.jpeg\" alt=\"\" class=\"wp-image-245830\" style=\"width:589px;height:auto\" srcset=\"https:\/\/elluchador.info\/wp-content\/uploads\/2024\/08\/6-programa-26-1024x682.jpeg 1024w, https:\/\/elluchador.info\/wp-content\/uploads\/2024\/08\/6-programa-26-300x200.jpeg 300w, https:\/\/elluchador.info\/wp-content\/uploads\/2024\/08\/6-programa-26-768x512.jpeg 768w, https:\/\/elluchador.info\/wp-content\/uploads\/2024\/08\/6-programa-26-1536x1024.jpeg 1536w, https:\/\/elluchador.info\/wp-content\/uploads\/2024\/08\/6-programa-26-2048x1365.jpeg 2048w, https:\/\/elluchador.info\/wp-content\/uploads\/2024\/08\/6-programa-26-150x100.jpeg 150w, https:\/\/elluchador.info\/wp-content\/uploads\/2024\/08\/6-programa-26-696x464.jpeg 696w, https:\/\/elluchador.info\/wp-content\/uploads\/2024\/08\/6-programa-26-1068x712.jpeg 1068w, https:\/\/elluchador.info\/wp-content\/uploads\/2024\/08\/6-programa-26-1920x1280.jpeg 1920w\" sizes=\"auto, (max-width: 1024px) 100vw, 1024px\" \/><\/figure>\n<\/div>\n\n\n<p class=\"has-text-align-center\"><strong><em><sub>Para \u00c1ngel Marcano se est\u00e1 cambiando la forma de gobernar<\/sub><\/em><\/strong><\/p>\n\n\n\n<p>El diputado a la AN, Richard Rosa, afirm\u00f3 que el ejercicio electoral comunal derrot\u00f3 a la oposici\u00f3n. \u201cFue un frenazo al fascismo, el pueblo decidi\u00f3 trabajar en la creaci\u00f3n de sus proyectos, consolidando el estado comunal, no es una coyuntura, es un proyecto pa\u00eds. Eriberto Aguilera, tambi\u00e9n asamble\u00edsta, exalt\u00f3 el empoderamiento del pueblo otorgado por el proceso revolucionario. \u201cEsta es una gu\u00eda para todos, 25 a\u00f1os de constante lucha, es dif\u00edcil que la oposici\u00f3n pueda con un pueblo consciente y organizado.<\/p>\n\n\n\n<p><strong><em>Prensa Gobernaci\u00f3n de Bol\u00edvar<\/em><\/strong><\/p>\n","protected":false},"excerpt":{"rendered":"<p>Tras los exitosos resultados de la jornada electoral de este domingo 25 de agosto, donde se postularon m\u00e1s de 1.253 proyectos comunitarios en la regi\u00f3n durante la segunda Consulta Popular Nacional, el gobernador del estado Bol\u00edvar, \u00c1ngel Marcano, anunci\u00f3 que instalar\u00e1n Gabinetes Comunales. \u201cEsta semana los instalaremos en el Sal\u00f3n Piar en Ciudad Bol\u00edvar, el [&hellip;]<\/p>\n","protected":false},"author":33,"featured_media":245831,"comment_status":"closed","ping_status":"closed","sticky":false,"template":"","format":"standard","meta":{"footnotes":""},"categories":[11],"tags":[437,1816],"class_list":{"0":"post-245825","1":"post","2":"type-post","3":"status-publish","4":"format-standard","5":"has-post-thumbnail","7":"category-politica","8":"tag-marcano","9":"tag-regional"},"_links":{"self":[{"href":"https:\/\/elluchador.info\/index.php?rest_route=\/wp\/v2\/posts\/245825","targetHints":{"allow":["GET"]}}],"collection":[{"href":"https:\/\/elluchador.info\/index.php?rest_route=\/wp\/v2\/posts"}],"about":[{"href":"https:\/\/elluchador.info\/index.php?rest_route=\/wp\/v2\/types\/post"}],"author":[{"embeddable":true,"href":"https:\/\/elluchador.info\/index.php?rest_route=\/wp\/v2\/users\/33"}],"replies":[{"embeddable":true,"href":"https:\/\/elluchador.info\/index.php?rest_route=%2Fwp%2Fv2%2Fcomments&post=245825"}],"version-history":[{"count":1,"href":"https:\/\/elluchador.info\/index.php?rest_route=\/wp\/v2\/posts\/245825\/revisions"}],"predecessor-version":[{"id":245832,"href":"https:\/\/elluchador.info\/index.php?rest_route=\/wp\/v2\/posts\/245825\/revisions\/245832"}],"wp:featuredmedia":[{"embeddable":true,"href":"https:\/\/elluchador.info\/index.php?rest_route=\/wp\/v2\/media\/245831"}],"wp:attachment":[{"href":"https:\/\/elluchador.info\/index.php?rest_route=%2Fwp%2Fv2%2Fmedia&parent=245825"}],"wp:term":[{"taxonomy":"category","embeddable":true,"href":"https:\/\/elluchador.info\/index.php?rest_route=%2Fwp%2Fv2%2Fcategories&post=245825"},{"taxonomy":"post_tag","embeddable":true,"href":"https:\/\/elluchador.info\/index.php?rest_route=%2Fwp%2Fv2%2Ftags&post=245825"}],"curies":[{"name":"wp","href":"https:\/\/api.w.org\/{rel}","templated":true}]}}