{"id":245848,"date":"2024-08-26T17:41:43","date_gmt":"2024-08-26T21:41:43","guid":{"rendered":"https:\/\/elluchador.info\/?p=245848"},"modified":"2024-08-26T17:41:46","modified_gmt":"2024-08-26T21:41:46","slug":"cristiano-ronaldo-asegura-seguir-en-la-seleccion-de-portugal","status":"publish","type":"post","link":"https:\/\/elluchador.info\/?p=245848","title":{"rendered":"Cristiano Ronaldo asegura seguir en la selecci\u00f3n de Portugal"},"content":{"rendered":"\n<p>A solo cuatro d\u00edas para que Roberto Mart\u00ednez anuncie los convocados para los pr\u00f3ximos compromisos de la selecci\u00f3n de Portugal, Cristiano Ronaldo, con 39 a\u00f1os, ha asegurado que quiere seguir en el combinado nacional, a pesar de su discreto papel en la pasada Eurocopa.<\/p>\n\n\n\n<p>\u00abCuando deje la selecci\u00f3n, no avisar\u00e9 a nadie de antemano y ser\u00e1 una decisi\u00f3n muy espont\u00e1nea por mi parte, pero tambi\u00e9n muy meditada\u00bb, afirm\u00f3 el exmadridista este lunes en una entrevista al canal portugu\u00e9s <em>NOW.<\/em><\/p>\n\n\n\n<p>\u00abPero ahora mismo, lo que quiero es poder ayudar a la selecci\u00f3n en sus pr\u00f3ximos compromisos. Tenemos por delante la Liga de Naciones y me gustar\u00eda mucho jugar\u00bb, dijo Cristiano.<\/p>\n\n\n\n<p>En la entrevista con NOW -canal propiedad de un grupo medi\u00e1tico en el que es uno de los principales inversores- Cristiano tambi\u00e9n habl\u00f3 de su futuro despu\u00e9s de colgar las botas y descart\u00f3 la posibilidad de convertirse en entrenador.<\/p>\n\n\n\n<p>\u00abEn mi mente, por el momento, no pasa (la posibilidad de) ser entrenador de un primer equipo o de ning\u00fan equipo. Ni siquiera se me pasa por la cabeza, nunca he pensado en ello\u00bb, declar\u00f3 el actual jugador del Al Nassr saud\u00ed al canal portugu\u00e9s NOW.<\/p>\n\n\n\n<p>\u00abNo veo mi futuro pasando por ah\u00ed. Me veo haciendo otras cosas fuera del f\u00fatbol, pero el futuro solo Dios lo sabe\u00bb, a\u00f1adi\u00f3.<\/p>\n\n\n\n<p>Con informaci\u00f3n <strong><em>AP<\/em><\/strong><\/p>\n","protected":false},"excerpt":{"rendered":"<p>A solo cuatro d\u00edas para que Roberto Mart\u00ednez anuncie los convocados para los pr\u00f3ximos compromisos de la selecci\u00f3n de Portugal, Cristiano Ronaldo, con 39 a\u00f1os, ha asegurado que quiere seguir en el combinado nacional, a pesar de su discreto papel en la pasada Eurocopa. \u00abCuando deje la selecci\u00f3n, no avisar\u00e9 a nadie de antemano y [&hellip;]<\/p>\n","protected":false},"author":33,"featured_media":245849,"comment_status":"closed","ping_status":"closed","sticky":false,"template":"","format":"standard","meta":{"footnotes":""},"categories":[4],"tags":[1824,1823],"class_list":{"0":"post-245848","1":"post","2":"type-post","3":"status-publish","4":"format-standard","5":"has-post-thumbnail","7":"category-deportes","8":"tag-cristiano","9":"tag-ronaldo"},"_links":{"self":[{"href":"https:\/\/elluchador.info\/index.php?rest_route=\/wp\/v2\/posts\/245848","targetHints":{"allow":["GET"]}}],"collection":[{"href":"https:\/\/elluchador.info\/index.php?rest_route=\/wp\/v2\/posts"}],"about":[{"href":"https:\/\/elluchador.info\/index.php?rest_route=\/wp\/v2\/types\/post"}],"author":[{"embeddable":true,"href":"https:\/\/elluchador.info\/index.php?rest_route=\/wp\/v2\/users\/33"}],"replies":[{"embeddable":true,"href":"https:\/\/elluchador.info\/index.php?rest_route=%2Fwp%2Fv2%2Fcomments&post=245848"}],"version-history":[{"count":1,"href":"https:\/\/elluchador.info\/index.php?rest_route=\/wp\/v2\/posts\/245848\/revisions"}],"predecessor-version":[{"id":245850,"href":"https:\/\/elluchador.info\/index.php?rest_route=\/wp\/v2\/posts\/245848\/revisions\/245850"}],"wp:featuredmedia":[{"embeddable":true,"href":"https:\/\/elluchador.info\/index.php?rest_route=\/wp\/v2\/media\/245849"}],"wp:attachment":[{"href":"https:\/\/elluchador.info\/index.php?rest_route=%2Fwp%2Fv2%2Fmedia&parent=245848"}],"wp:term":[{"taxonomy":"category","embeddable":true,"href":"https:\/\/elluchador.info\/index.php?rest_route=%2Fwp%2Fv2%2Fcategories&post=245848"},{"taxonomy":"post_tag","embeddable":true,"href":"https:\/\/elluchador.info\/index.php?rest_route=%2Fwp%2Fv2%2Ftags&post=245848"}],"curies":[{"name":"wp","href":"https:\/\/api.w.org\/{rel}","templated":true}]}}