{"id":245868,"date":"2024-08-27T08:51:16","date_gmt":"2024-08-27T12:51:16","guid":{"rendered":"https:\/\/elluchador.info\/?p=245868"},"modified":"2024-08-27T08:51:19","modified_gmt":"2024-08-27T12:51:19","slug":"realizaron-gala-dancistica-en-la-feria-del-orinoco-2024","status":"publish","type":"post","link":"https:\/\/elluchador.info\/?p=245868","title":{"rendered":"Realizaron gala danc\u00edstica en la Feria del Orinoco 2024"},"content":{"rendered":"\n<p>En el marco de la octava edici\u00f3n de la Feria Internacional del Orinoco 2024, se llev\u00f3 a cabo una m\u00e1gica gala danc\u00edstica en el mirador Angostura de Ciudad Bol\u00edvar.<\/p>\n\n\n\n<p>La velada, que se enmarca en las festividades destinadas a celebrar la riqueza cultural y art\u00edstica de la regi\u00f3n, reuni\u00f3 a entusiastas de la danza y a miembros de la comunidad en una noche llena de gracia y movimiento.<\/p>\n\n\n\n<p>Marisol Garc\u00eda, presidenta de la feria, coment\u00f3 que la gala cont\u00f3 con la participaci\u00f3n estelar de diversas academias de danza pertenecientes al municipio Angostura del Orinoco, cada una aportando su singular estilo y creatividad al escenario.<\/p>\n\n\n\n<p>Desde cl\u00e1sicas interpretaciones de ballet hasta vibrantes coreograf\u00edas contempor\u00e1neas, el p\u00fablico fue testigo de un variado espectro de expresiones danc\u00edsticas.<\/p>\n\n\n\n<p>Garc\u00eda, presidenta de la fundaci\u00f3n Feria del Orinoco de Angostura del Orinoco, comparti\u00f3 su impresi\u00f3n sobre la velada: \u00abFue una experiencia llena de talento que nos permiti\u00f3 apreciar la diversidad y la pasi\u00f3n que nuestra comunidad tiene por la danza\u00bb.<\/p>\n\n\n\n<figure class=\"wp-block-image size-large\"><img loading=\"lazy\" decoding=\"async\" width=\"1024\" height=\"576\" src=\"https:\/\/elluchador.info\/wp-content\/uploads\/2024\/08\/WhatsApp-Image-2024-08-26-at-8.13.47-PM-1-1024x576.jpeg\" alt=\"\" class=\"wp-image-245870\" srcset=\"https:\/\/elluchador.info\/wp-content\/uploads\/2024\/08\/WhatsApp-Image-2024-08-26-at-8.13.47-PM-1-1024x576.jpeg 1024w, https:\/\/elluchador.info\/wp-content\/uploads\/2024\/08\/WhatsApp-Image-2024-08-26-at-8.13.47-PM-1-300x169.jpeg 300w, https:\/\/elluchador.info\/wp-content\/uploads\/2024\/08\/WhatsApp-Image-2024-08-26-at-8.13.47-PM-1-768x432.jpeg 768w, https:\/\/elluchador.info\/wp-content\/uploads\/2024\/08\/WhatsApp-Image-2024-08-26-at-8.13.47-PM-1-1536x864.jpeg 1536w, https:\/\/elluchador.info\/wp-content\/uploads\/2024\/08\/WhatsApp-Image-2024-08-26-at-8.13.47-PM-1-150x84.jpeg 150w, https:\/\/elluchador.info\/wp-content\/uploads\/2024\/08\/WhatsApp-Image-2024-08-26-at-8.13.47-PM-1-696x392.jpeg 696w, https:\/\/elluchador.info\/wp-content\/uploads\/2024\/08\/WhatsApp-Image-2024-08-26-at-8.13.47-PM-1-1068x601.jpeg 1068w, https:\/\/elluchador.info\/wp-content\/uploads\/2024\/08\/WhatsApp-Image-2024-08-26-at-8.13.47-PM-1.jpeg 1600w\" sizes=\"auto, (max-width: 1024px) 100vw, 1024px\" \/><\/figure>\n\n\n\n<p>Las exquisitas exhibiciones estuvieron a cargo de renombradas academias de la localidad, demostrando la dedicaci\u00f3n y el esfuerzo que los bailarines han puesto en sus interpretaciones.<\/p>\n\n\n\n<p>Entre las academias participantes se destacan la Academia Fire Step, Bol\u00edvar Fashion Talent, Danzas Vista Hermosa, Eclipse Dance Group, Ballet Danzart, Al Son Criollo, Danzas Gems, Acedemoa Showcera Diddanjer, Purplet Toxic, Team V Dance y From Below, Victory Dance, Academia de Formaci\u00f3n, Academia Imperio, Dance Angostura y programa de formaci\u00f3n de la direcci\u00f3n de Cultura municipal.<\/p>\n\n\n\n<p>Cada grupo present\u00f3 una actuaci\u00f3n memorable que cautiv\u00f3 al p\u00fablico presente. Desde los movimientos fluidos y elegantes del ballet cl\u00e1sico hasta la energ\u00eda contagiosa de las danzas contempor\u00e1neas, la gala fue una celebraci\u00f3n de la creatividad y la pasi\u00f3n por la danza en todas sus formas. La gala danc\u00edstica en el mirador Angostura no solo proporcion\u00f3 una noche de entretenimiento y arte, sino que tambi\u00e9n reafirm\u00f3 el compromiso de la comunidad local con la cultura y las artes esc\u00e9nicas.<\/p>\n\n\n\n<p><strong><em>Prensa Alcald\u00eda AO<\/em><\/strong><\/p>\n","protected":false},"excerpt":{"rendered":"<p>En el marco de la octava edici\u00f3n de la Feria Internacional del Orinoco 2024, se llev\u00f3 a cabo una m\u00e1gica gala danc\u00edstica en el mirador Angostura de Ciudad Bol\u00edvar. La velada, que se enmarca en las festividades destinadas a celebrar la riqueza cultural y art\u00edstica de la regi\u00f3n, reuni\u00f3 a entusiastas de la danza y [&hellip;]<\/p>\n","protected":false},"author":2,"featured_media":245869,"comment_status":"closed","ping_status":"closed","sticky":false,"template":"","format":"standard","meta":{"footnotes":""},"categories":[1160,20],"tags":[],"class_list":{"0":"post-245868","1":"post","2":"type-post","3":"status-publish","4":"format-standard","5":"has-post-thumbnail","7":"category-cultura","8":"category-municipal"},"_links":{"self":[{"href":"https:\/\/elluchador.info\/index.php?rest_route=\/wp\/v2\/posts\/245868","targetHints":{"allow":["GET"]}}],"collection":[{"href":"https:\/\/elluchador.info\/index.php?rest_route=\/wp\/v2\/posts"}],"about":[{"href":"https:\/\/elluchador.info\/index.php?rest_route=\/wp\/v2\/types\/post"}],"author":[{"embeddable":true,"href":"https:\/\/elluchador.info\/index.php?rest_route=\/wp\/v2\/users\/2"}],"replies":[{"embeddable":true,"href":"https:\/\/elluchador.info\/index.php?rest_route=%2Fwp%2Fv2%2Fcomments&post=245868"}],"version-history":[{"count":1,"href":"https:\/\/elluchador.info\/index.php?rest_route=\/wp\/v2\/posts\/245868\/revisions"}],"predecessor-version":[{"id":245871,"href":"https:\/\/elluchador.info\/index.php?rest_route=\/wp\/v2\/posts\/245868\/revisions\/245871"}],"wp:featuredmedia":[{"embeddable":true,"href":"https:\/\/elluchador.info\/index.php?rest_route=\/wp\/v2\/media\/245869"}],"wp:attachment":[{"href":"https:\/\/elluchador.info\/index.php?rest_route=%2Fwp%2Fv2%2Fmedia&parent=245868"}],"wp:term":[{"taxonomy":"category","embeddable":true,"href":"https:\/\/elluchador.info\/index.php?rest_route=%2Fwp%2Fv2%2Fcategories&post=245868"},{"taxonomy":"post_tag","embeddable":true,"href":"https:\/\/elluchador.info\/index.php?rest_route=%2Fwp%2Fv2%2Ftags&post=245868"}],"curies":[{"name":"wp","href":"https:\/\/api.w.org\/{rel}","templated":true}]}}