{"id":245981,"date":"2024-08-28T08:06:21","date_gmt":"2024-08-28T12:06:21","guid":{"rendered":"https:\/\/elluchador.info\/?p=245981"},"modified":"2024-08-28T08:06:53","modified_gmt":"2024-08-28T12:06:53","slug":"gobierno-reporto-ataque-al-sistema-electrico-nacional-que-afecto-varios-estados","status":"publish","type":"post","link":"https:\/\/elluchador.info\/?p=245981","title":{"rendered":"Gobierno report\u00f3 ataque al Sistema El\u00e9ctrico Nacional que afect\u00f3 varios estados"},"content":{"rendered":"\n<p>El ministro de Interior, Justicia y Paz, Diosdado Cabello, inform\u00f3 que el Sistema El\u00e9ctrico Nacional sufri\u00f3 un ataque en la torre de transmisi\u00f3n de Carabobo, situaci\u00f3n que caus\u00f3 el baj\u00f3n de energ\u00eda en varios estados del pa\u00eds la noche de este martes.<\/p>\n\n\n\n<p>\u201dA eso de las 7:16 pm se origin\u00f3 un ataque terrorista ubicado espec\u00edficamente en la l\u00ednea 765, que comprende desde Valle de la Pascua-Valencia y que ha afectado T\u00e1chira, M\u00e9rida, Barinas, Zulia, Falc\u00f3n, Nueva Esparta y parcialmente sectores de La Guaira, Miranda y Caracas\u201d.<\/p>\n\n\n\n<p>\u201cHemos recuperado el sistema y ya comienza a recuperar el servicio en algunas zonas\u201d, dijo en contacto telef\u00f3nico con VTV.<\/p>\n\n\n\n<p>Puntualiz\u00f3 que de manera paulatina se restablecer\u00e1 el servicio en las entidades.<\/p>\n\n\n\n<p>Pidi\u00f3 a los ciudadanos estar atento ante cualquier situaci\u00f3n y asegur\u00f3 que dar\u00e1n con los responsables de lo ocurrido.<\/p>\n\n\n\n<p>Cabello dijo que el ataque que calific\u00f3 de terrorista \u00abes parte de una estrategia que constantemente sectores opositores han utilizado para tratar de hacernos da\u00f1o y de afectar a la poblaci\u00f3n\u00bb.<\/p>\n\n\n\n<p>Con informaci\u00f3n <strong><em>Uni\u00f3n Radio<\/em><\/strong><\/p>\n","protected":false},"excerpt":{"rendered":"<p>El ministro de Interior, Justicia y Paz, Diosdado Cabello, inform\u00f3 que el Sistema El\u00e9ctrico Nacional sufri\u00f3 un ataque en la torre de transmisi\u00f3n de Carabobo, situaci\u00f3n que caus\u00f3 el baj\u00f3n de energ\u00eda en varios estados del pa\u00eds la noche de este martes. \u201dA eso de las 7:16 pm se origin\u00f3 un ataque terrorista ubicado espec\u00edficamente [&hellip;]<\/p>\n","protected":false},"author":33,"featured_media":245982,"comment_status":"closed","ping_status":"closed","sticky":false,"template":"","format":"standard","meta":{"footnotes":""},"categories":[5,9],"tags":[1829,105],"class_list":{"0":"post-245981","1":"post","2":"type-post","3":"status-publish","4":"format-standard","5":"has-post-thumbnail","7":"category-destacado","8":"category-nacionales","9":"tag-sen","10":"tag-venezuela"},"_links":{"self":[{"href":"https:\/\/elluchador.info\/index.php?rest_route=\/wp\/v2\/posts\/245981","targetHints":{"allow":["GET"]}}],"collection":[{"href":"https:\/\/elluchador.info\/index.php?rest_route=\/wp\/v2\/posts"}],"about":[{"href":"https:\/\/elluchador.info\/index.php?rest_route=\/wp\/v2\/types\/post"}],"author":[{"embeddable":true,"href":"https:\/\/elluchador.info\/index.php?rest_route=\/wp\/v2\/users\/33"}],"replies":[{"embeddable":true,"href":"https:\/\/elluchador.info\/index.php?rest_route=%2Fwp%2Fv2%2Fcomments&post=245981"}],"version-history":[{"count":1,"href":"https:\/\/elluchador.info\/index.php?rest_route=\/wp\/v2\/posts\/245981\/revisions"}],"predecessor-version":[{"id":245983,"href":"https:\/\/elluchador.info\/index.php?rest_route=\/wp\/v2\/posts\/245981\/revisions\/245983"}],"wp:featuredmedia":[{"embeddable":true,"href":"https:\/\/elluchador.info\/index.php?rest_route=\/wp\/v2\/media\/245982"}],"wp:attachment":[{"href":"https:\/\/elluchador.info\/index.php?rest_route=%2Fwp%2Fv2%2Fmedia&parent=245981"}],"wp:term":[{"taxonomy":"category","embeddable":true,"href":"https:\/\/elluchador.info\/index.php?rest_route=%2Fwp%2Fv2%2Fcategories&post=245981"},{"taxonomy":"post_tag","embeddable":true,"href":"https:\/\/elluchador.info\/index.php?rest_route=%2Fwp%2Fv2%2Ftags&post=245981"}],"curies":[{"name":"wp","href":"https:\/\/api.w.org\/{rel}","templated":true}]}}