{"id":245985,"date":"2024-08-28T08:11:33","date_gmt":"2024-08-28T12:11:33","guid":{"rendered":"https:\/\/elluchador.info\/?p=245985"},"modified":"2024-08-28T08:11:36","modified_gmt":"2024-08-28T12:11:36","slug":"asamblea-nacional-evalua-aportes-y-alcances-del-proyecto-de-ley-contra-el-fascismo","status":"publish","type":"post","link":"https:\/\/elluchador.info\/?p=245985","title":{"rendered":"Asamblea Nacional eval\u00faa aportes y alcances del Proyecto de Ley contra el Fascismo"},"content":{"rendered":"\n<p>Parlamentarios de la Asamblea Nacional (AN), se reunieron para evaluar los aportes y alcances del Proyecto de Ley contra el Fascismo, Neofascismo y Expresiones Similares. El encuentro estuvo encabezado por el primer vicepresidente del Legislativo, diputado Pedro Infante (PSUV\/ Dtto. Capital) y los miembros de la Comisi\u00f3n Permanente de Pol\u00edtica Interior.<\/p>\n\n\n\n<p>En la actividad participaron los legislativos de las comisiones permanentes del Poder Popular, Comunicaci\u00f3n, Educaci\u00f3n, Salud, Ciencia, Tecnolog\u00eda e Innovaci\u00f3n.<\/p>\n\n\n\n<p>El presidente de la Subcomisi\u00f3n de Educaci\u00f3n, diputado Enrique Ramos (PSUV\/Carabobo), expuso acerca de las leyes que sancionan el ciberfascismo en pa\u00edses como Brasil, Nicaragua, Rusia, Espa\u00f1a, incluso la Uni\u00f3n Europea.<\/p>\n\n\n\n<p>Cabe destacar, que para este proyecto de ley se han recogido y sistematizado m\u00e1s de 750 propuestas, durante los encuentros de consulta en todos los estados del pa\u00eds, lo cual constituye una parte fundamental en la aplicaci\u00f3n de la normativa para la paz del pueblo.<\/p>\n\n\n\n<p>Con informaci\u00f3n <strong><em>AVN<\/em><\/strong><\/p>\n","protected":false},"excerpt":{"rendered":"<p>Parlamentarios de la Asamblea Nacional (AN), se reunieron para evaluar los aportes y alcances del Proyecto de Ley contra el Fascismo, Neofascismo y Expresiones Similares. El encuentro estuvo encabezado por el primer vicepresidente del Legislativo, diputado Pedro Infante (PSUV\/ Dtto. Capital) y los miembros de la Comisi\u00f3n Permanente de Pol\u00edtica Interior. En la actividad participaron [&hellip;]<\/p>\n","protected":false},"author":33,"featured_media":245986,"comment_status":"closed","ping_status":"closed","sticky":false,"template":"","format":"standard","meta":{"footnotes":""},"categories":[9],"tags":[1700,1447,100,105],"class_list":{"0":"post-245985","1":"post","2":"type-post","3":"status-publish","4":"format-standard","5":"has-post-thumbnail","7":"category-nacionales","8":"tag-fascismo","9":"tag-ley","10":"tag-nacional","11":"tag-venezuela"},"_links":{"self":[{"href":"https:\/\/elluchador.info\/index.php?rest_route=\/wp\/v2\/posts\/245985","targetHints":{"allow":["GET"]}}],"collection":[{"href":"https:\/\/elluchador.info\/index.php?rest_route=\/wp\/v2\/posts"}],"about":[{"href":"https:\/\/elluchador.info\/index.php?rest_route=\/wp\/v2\/types\/post"}],"author":[{"embeddable":true,"href":"https:\/\/elluchador.info\/index.php?rest_route=\/wp\/v2\/users\/33"}],"replies":[{"embeddable":true,"href":"https:\/\/elluchador.info\/index.php?rest_route=%2Fwp%2Fv2%2Fcomments&post=245985"}],"version-history":[{"count":1,"href":"https:\/\/elluchador.info\/index.php?rest_route=\/wp\/v2\/posts\/245985\/revisions"}],"predecessor-version":[{"id":245987,"href":"https:\/\/elluchador.info\/index.php?rest_route=\/wp\/v2\/posts\/245985\/revisions\/245987"}],"wp:featuredmedia":[{"embeddable":true,"href":"https:\/\/elluchador.info\/index.php?rest_route=\/wp\/v2\/media\/245986"}],"wp:attachment":[{"href":"https:\/\/elluchador.info\/index.php?rest_route=%2Fwp%2Fv2%2Fmedia&parent=245985"}],"wp:term":[{"taxonomy":"category","embeddable":true,"href":"https:\/\/elluchador.info\/index.php?rest_route=%2Fwp%2Fv2%2Fcategories&post=245985"},{"taxonomy":"post_tag","embeddable":true,"href":"https:\/\/elluchador.info\/index.php?rest_route=%2Fwp%2Fv2%2Ftags&post=245985"}],"curies":[{"name":"wp","href":"https:\/\/api.w.org\/{rel}","templated":true}]}}