{"id":245995,"date":"2024-08-28T08:42:46","date_gmt":"2024-08-28T12:42:46","guid":{"rendered":"https:\/\/elluchador.info\/?p=245995"},"modified":"2024-08-28T08:42:50","modified_gmt":"2024-08-28T12:42:50","slug":"chavismo-y-oposicion-se-movilizan-este-28ago","status":"publish","type":"post","link":"https:\/\/elluchador.info\/?p=245995","title":{"rendered":"Chavismo y oposici\u00f3n se movilizan este 28Ago"},"content":{"rendered":"\n<p>La Plataforma Unitaria Democr\u00e1tica (PUD), convoc\u00f3 a sus seguidores a las calles este mi\u00e9rcoles 28 de agosto, al cumplirse un mes de las elecciones en las que, afirman, que Edmundo Gonz\u00e1lez Urrutia, obtuvo la mayor\u00eda de votos.<\/p>\n\n\n\n<p>\u00abLos venezolanos nos encontramos nuevamente en la calle. Este 28 de agosto, en familia, con tus hijos, con tus nietos y con tu acta en mano, ratificamos que acta mata sentencia\u00bb, dijo la PUD el pasado 24 de agosto, cuando anunci\u00f3 la convocatoria de la protesta.<\/p>\n\n\n\n<p>La plataforma invit\u00f3 a los venezolanos a imprimir el acta correspondiente a su centro de votaci\u00f3n desde una p\u00e1gina web donde asegura tener publicado el \u00ab83,5 %\u00bb de estos papeles obtenidos, seg\u00fan la oposici\u00f3n, a trav\u00e9s de personas que fueron testigos y miembros de mesa durante la jornada electoral, documentos que el oficialismo se\u00f1ala como \u00abfalsos\u00bb.<\/p>\n\n\n\n<p>Entretanto, el oficialismo responde hoy al llamamiento del gobernante Partido Socialista Unido de Venezuela (PSUV) a celebrar en las calles la reelecci\u00f3n de Maduro, un triunfo cuestionado por buena parte de la comunidad internacional.<\/p>\n\n\n\n<p>El primer vicepresidente de la formaci\u00f3n, Diosdado Cabello -designado el martes ministro de Interior y Justicia-, explic\u00f3 que la marcha es para celebrar la \u00abvictoria\u00bb de Maduro, as\u00ed como para prepararse para lo que viene.<\/p>\n\n\n\n<p>Con informaci\u00f3n <strong><em>800 noticias<\/em><\/strong><\/p>\n","protected":false},"excerpt":{"rendered":"<p>La Plataforma Unitaria Democr\u00e1tica (PUD), convoc\u00f3 a sus seguidores a las calles este mi\u00e9rcoles 28 de agosto, al cumplirse un mes de las elecciones en las que, afirman, que Edmundo Gonz\u00e1lez Urrutia, obtuvo la mayor\u00eda de votos. \u00abLos venezolanos nos encontramos nuevamente en la calle. Este 28 de agosto, en familia, con tus hijos, con [&hellip;]<\/p>\n","protected":false},"author":33,"featured_media":245994,"comment_status":"closed","ping_status":"closed","sticky":false,"template":"","format":"standard","meta":{"footnotes":""},"categories":[5,11],"tags":[105],"class_list":{"0":"post-245995","1":"post","2":"type-post","3":"status-publish","4":"format-standard","5":"has-post-thumbnail","7":"category-destacado","8":"category-politica","9":"tag-venezuela"},"_links":{"self":[{"href":"https:\/\/elluchador.info\/index.php?rest_route=\/wp\/v2\/posts\/245995","targetHints":{"allow":["GET"]}}],"collection":[{"href":"https:\/\/elluchador.info\/index.php?rest_route=\/wp\/v2\/posts"}],"about":[{"href":"https:\/\/elluchador.info\/index.php?rest_route=\/wp\/v2\/types\/post"}],"author":[{"embeddable":true,"href":"https:\/\/elluchador.info\/index.php?rest_route=\/wp\/v2\/users\/33"}],"replies":[{"embeddable":true,"href":"https:\/\/elluchador.info\/index.php?rest_route=%2Fwp%2Fv2%2Fcomments&post=245995"}],"version-history":[{"count":1,"href":"https:\/\/elluchador.info\/index.php?rest_route=\/wp\/v2\/posts\/245995\/revisions"}],"predecessor-version":[{"id":245996,"href":"https:\/\/elluchador.info\/index.php?rest_route=\/wp\/v2\/posts\/245995\/revisions\/245996"}],"wp:featuredmedia":[{"embeddable":true,"href":"https:\/\/elluchador.info\/index.php?rest_route=\/wp\/v2\/media\/245994"}],"wp:attachment":[{"href":"https:\/\/elluchador.info\/index.php?rest_route=%2Fwp%2Fv2%2Fmedia&parent=245995"}],"wp:term":[{"taxonomy":"category","embeddable":true,"href":"https:\/\/elluchador.info\/index.php?rest_route=%2Fwp%2Fv2%2Fcategories&post=245995"},{"taxonomy":"post_tag","embeddable":true,"href":"https:\/\/elluchador.info\/index.php?rest_route=%2Fwp%2Fv2%2Ftags&post=245995"}],"curies":[{"name":"wp","href":"https:\/\/api.w.org\/{rel}","templated":true}]}}