{"id":246087,"date":"2024-08-28T18:41:12","date_gmt":"2024-08-28T22:41:12","guid":{"rendered":"https:\/\/elluchador.info\/?p=246087"},"modified":"2024-08-28T18:41:15","modified_gmt":"2024-08-28T22:41:15","slug":"adolescentes-fueron-beneficiadas-con-atencion-integral-gratuita","status":"publish","type":"post","link":"https:\/\/elluchador.info\/?p=246087","title":{"rendered":"Adolescentes fueron beneficiadas con atenci\u00f3n integral gratuita"},"content":{"rendered":"\n<p>Con gran \u00e9xito se llev\u00f3 a cabo la jornada de planificaci\u00f3n familiar y anticoncepci\u00f3n en adolescencia organizada por el personal m\u00e9dico del Consultorio Popular Tipo III (CPT3) Angostura, ubicado en el sector hom\u00f3nimo de la parroquia Vista Hermosa.<\/p>\n\n\n\n<p>Durante la actividad de atenci\u00f3n diferenciada a adolescentes se realizaron diversas sesiones educativas que abordaron temas como la promoci\u00f3n de la higiene personal, m\u00e9todos anticonceptivos, lactancia materna, higiene menstrual e infecciones de transmisi\u00f3n sexual.<\/p>\n\n\n\n<p>Un total de 27 adolescentes fueron atendidas durante la jornada, entre ellas nueve madres.<\/p>\n\n\n\n<p>La ocasi\u00f3n fue propicia para la colocaci\u00f3n y entrega de diferentes m\u00e9todos anticonceptivos, entrega de material informativo, \u00e1cido f\u00f3lico y hierro.<\/p>\n\n\n\n<p>La Dra. Georgina Torres, coordinadora del centro asistencial resalt\u00f3 el apoyo del personal m\u00e9dico, enfermeras y de promoci\u00f3n social que hizo posible la jornada, la cual lleg\u00f3 a la comunidad como parte de las pol\u00edticas del Gobierno nacional a trav\u00e9s del Ministerio del Poder Popular para la Salud; la Gobernaci\u00f3n del estado Bol\u00edvar a trav\u00e9s del Instituto de Salud P\u00fablica, &nbsp;de la mano de Fundaci\u00f3n Degania y el Fondo de Poblaci\u00f3n de las Naciones Unidas (UNFPA).<\/p>\n\n\n\n<p><strong><em>Gledis Bonilla<\/em><\/strong><\/p>\n","protected":false},"excerpt":{"rendered":"<p>Con gran \u00e9xito se llev\u00f3 a cabo la jornada de planificaci\u00f3n familiar y anticoncepci\u00f3n en adolescencia organizada por el personal m\u00e9dico del Consultorio Popular Tipo III (CPT3) Angostura, ubicado en el sector hom\u00f3nimo de la parroquia Vista Hermosa. Durante la actividad de atenci\u00f3n diferenciada a adolescentes se realizaron diversas sesiones educativas que abordaron temas como [&hellip;]<\/p>\n","protected":false},"author":2,"featured_media":246088,"comment_status":"closed","ping_status":"closed","sticky":false,"template":"","format":"standard","meta":{"footnotes":""},"categories":[2],"tags":[306],"class_list":{"0":"post-246087","1":"post","2":"type-post","3":"status-publish","4":"format-standard","5":"has-post-thumbnail","7":"category-comunidad","8":"tag-ciudad-bolivar"},"_links":{"self":[{"href":"https:\/\/elluchador.info\/index.php?rest_route=\/wp\/v2\/posts\/246087","targetHints":{"allow":["GET"]}}],"collection":[{"href":"https:\/\/elluchador.info\/index.php?rest_route=\/wp\/v2\/posts"}],"about":[{"href":"https:\/\/elluchador.info\/index.php?rest_route=\/wp\/v2\/types\/post"}],"author":[{"embeddable":true,"href":"https:\/\/elluchador.info\/index.php?rest_route=\/wp\/v2\/users\/2"}],"replies":[{"embeddable":true,"href":"https:\/\/elluchador.info\/index.php?rest_route=%2Fwp%2Fv2%2Fcomments&post=246087"}],"version-history":[{"count":1,"href":"https:\/\/elluchador.info\/index.php?rest_route=\/wp\/v2\/posts\/246087\/revisions"}],"predecessor-version":[{"id":246089,"href":"https:\/\/elluchador.info\/index.php?rest_route=\/wp\/v2\/posts\/246087\/revisions\/246089"}],"wp:featuredmedia":[{"embeddable":true,"href":"https:\/\/elluchador.info\/index.php?rest_route=\/wp\/v2\/media\/246088"}],"wp:attachment":[{"href":"https:\/\/elluchador.info\/index.php?rest_route=%2Fwp%2Fv2%2Fmedia&parent=246087"}],"wp:term":[{"taxonomy":"category","embeddable":true,"href":"https:\/\/elluchador.info\/index.php?rest_route=%2Fwp%2Fv2%2Fcategories&post=246087"},{"taxonomy":"post_tag","embeddable":true,"href":"https:\/\/elluchador.info\/index.php?rest_route=%2Fwp%2Fv2%2Ftags&post=246087"}],"curies":[{"name":"wp","href":"https:\/\/api.w.org\/{rel}","templated":true}]}}