{"id":246116,"date":"2024-08-29T08:59:49","date_gmt":"2024-08-29T12:59:49","guid":{"rendered":"https:\/\/elluchador.info\/?p=246116"},"modified":"2024-08-29T08:59:52","modified_gmt":"2024-08-29T12:59:52","slug":"exito-rotundo-en-la-primera-semana-de-la-feria-internacional-del-orinoco","status":"publish","type":"post","link":"https:\/\/elluchador.info\/?p=246116","title":{"rendered":"\u00c9xito rotundo en la primera semana de la Feria Internacional del Orinoco"},"content":{"rendered":"\n<p>Durante la primera semana de la Feria Internacional del Orinoco, los asistentes han disfrutado de una variedad de eventos de alta calidad, con una organizaci\u00f3n impecable en todas las \u00e1reas, incluyendo la atenci\u00f3n integral brindada por el equipo de salud.<\/p>\n\n\n\n<p>Los bolivarenses han catalogado estas festividades como un espacio ideal para compartir en familia y en paz. Desde tempranas horas, las personas acuden para disfrutar de actividades recreativas, culturales, deportivas y gastron\u00f3micas, todo en un ambiente de alegr\u00eda y hermandad, como es tradici\u00f3n.<\/p>\n\n\n\n<p>En este sentido, Johana Morillo, artesana, coment\u00f3 que la organizaci\u00f3n de estas fiestas ha sido de primera calidad. \u00abDesde que lleg\u00e1bamos al Paseo Orinoco, pod\u00edamos recorrer todas las \u00e1reas, desde la zona de comida hasta el Mirador Angostura, y se notaba el trabajo en equipo, la seguridad y un ambiente festivo\u00bb, se\u00f1al\u00f3 Morillo.<\/p>\n\n\n\n<p>\u00abFelicito a todas las personas que hicieron posible que este mes los bolivarenses contaran con un espacio lleno de cosas buenas. Desde hace diez a\u00f1os, podemos decir que contamos con unas ferias que demuestran que en Ciudad Bol\u00edvar se hacen las cosas bien\u00bb, a\u00f1adi\u00f3.<\/p>\n\n\n\n<figure class=\"wp-block-image size-large\"><img loading=\"lazy\" decoding=\"async\" width=\"1024\" height=\"771\" src=\"https:\/\/elluchador.info\/wp-content\/uploads\/2024\/08\/WhatsApp-Image-2024-08-28-at-8.54.45-PM-1024x771.jpeg\" alt=\"\" class=\"wp-image-246118\" srcset=\"https:\/\/elluchador.info\/wp-content\/uploads\/2024\/08\/WhatsApp-Image-2024-08-28-at-8.54.45-PM-1024x771.jpeg 1024w, https:\/\/elluchador.info\/wp-content\/uploads\/2024\/08\/WhatsApp-Image-2024-08-28-at-8.54.45-PM-300x226.jpeg 300w, https:\/\/elluchador.info\/wp-content\/uploads\/2024\/08\/WhatsApp-Image-2024-08-28-at-8.54.45-PM-768x578.jpeg 768w, https:\/\/elluchador.info\/wp-content\/uploads\/2024\/08\/WhatsApp-Image-2024-08-28-at-8.54.45-PM-1536x1156.jpeg 1536w, https:\/\/elluchador.info\/wp-content\/uploads\/2024\/08\/WhatsApp-Image-2024-08-28-at-8.54.45-PM-150x113.jpeg 150w, https:\/\/elluchador.info\/wp-content\/uploads\/2024\/08\/WhatsApp-Image-2024-08-28-at-8.54.45-PM-696x524.jpeg 696w, https:\/\/elluchador.info\/wp-content\/uploads\/2024\/08\/WhatsApp-Image-2024-08-28-at-8.54.45-PM-1068x804.jpeg 1068w, https:\/\/elluchador.info\/wp-content\/uploads\/2024\/08\/WhatsApp-Image-2024-08-28-at-8.54.45-PM.jpeg 1600w\" sizes=\"auto, (max-width: 1024px) 100vw, 1024px\" \/><\/figure>\n\n\n\n<p>Por su parte, Violeta Rojas, tambi\u00e9n artesana, destac\u00f3 que lleva varios a\u00f1os participando en el \u00e1rea destinada a la venta de artesan\u00edas, y que cada a\u00f1o la experiencia mejora. \u00abLas personas vienen todos los d\u00edas, disfrutan de las actividades y comparten. Ver esas caras de alegr\u00eda en la gente no tiene precio. En Ciudad Bol\u00edvar contamos con un alcalde ejemplar y un equipo de primera que siempre garantiza eventos de calidad para todos los ciudadanos\u00bb, acot\u00f3 Rojas.<\/p>\n\n\n\n<p><strong><em>Prensa Alcald\u00eda AO<\/em><\/strong><\/p>\n","protected":false},"excerpt":{"rendered":"<p>Durante la primera semana de la Feria Internacional del Orinoco, los asistentes han disfrutado de una variedad de eventos de alta calidad, con una organizaci\u00f3n impecable en todas las \u00e1reas, incluyendo la atenci\u00f3n integral brindada por el equipo de salud. Los bolivarenses han catalogado estas festividades como un espacio ideal para compartir en familia y [&hellip;]<\/p>\n","protected":false},"author":2,"featured_media":246117,"comment_status":"closed","ping_status":"closed","sticky":false,"template":"","format":"standard","meta":{"footnotes":""},"categories":[5,20],"tags":[],"class_list":{"0":"post-246116","1":"post","2":"type-post","3":"status-publish","4":"format-standard","5":"has-post-thumbnail","7":"category-destacado","8":"category-municipal"},"_links":{"self":[{"href":"https:\/\/elluchador.info\/index.php?rest_route=\/wp\/v2\/posts\/246116","targetHints":{"allow":["GET"]}}],"collection":[{"href":"https:\/\/elluchador.info\/index.php?rest_route=\/wp\/v2\/posts"}],"about":[{"href":"https:\/\/elluchador.info\/index.php?rest_route=\/wp\/v2\/types\/post"}],"author":[{"embeddable":true,"href":"https:\/\/elluchador.info\/index.php?rest_route=\/wp\/v2\/users\/2"}],"replies":[{"embeddable":true,"href":"https:\/\/elluchador.info\/index.php?rest_route=%2Fwp%2Fv2%2Fcomments&post=246116"}],"version-history":[{"count":1,"href":"https:\/\/elluchador.info\/index.php?rest_route=\/wp\/v2\/posts\/246116\/revisions"}],"predecessor-version":[{"id":246119,"href":"https:\/\/elluchador.info\/index.php?rest_route=\/wp\/v2\/posts\/246116\/revisions\/246119"}],"wp:featuredmedia":[{"embeddable":true,"href":"https:\/\/elluchador.info\/index.php?rest_route=\/wp\/v2\/media\/246117"}],"wp:attachment":[{"href":"https:\/\/elluchador.info\/index.php?rest_route=%2Fwp%2Fv2%2Fmedia&parent=246116"}],"wp:term":[{"taxonomy":"category","embeddable":true,"href":"https:\/\/elluchador.info\/index.php?rest_route=%2Fwp%2Fv2%2Fcategories&post=246116"},{"taxonomy":"post_tag","embeddable":true,"href":"https:\/\/elluchador.info\/index.php?rest_route=%2Fwp%2Fv2%2Ftags&post=246116"}],"curies":[{"name":"wp","href":"https:\/\/api.w.org\/{rel}","templated":true}]}}