{"id":246121,"date":"2024-08-29T09:09:48","date_gmt":"2024-08-29T13:09:48","guid":{"rendered":"https:\/\/elluchador.info\/?p=246121"},"modified":"2024-08-29T09:09:51","modified_gmt":"2024-08-29T13:09:51","slug":"centro-de-la-diversidad-cultural-invita-a-un-encuentro-de-sabores-y-saberes","status":"publish","type":"post","link":"https:\/\/elluchador.info\/?p=246121","title":{"rendered":"Centro de la Diversidad Cultural invita a un encuentro de sabores y saberes"},"content":{"rendered":"\n<p>En ocasi\u00f3n a la celebraci\u00f3n de los 18 a\u00f1os del Centro de la Diversidad Cultural, la Delegaci\u00f3n Bol\u00edvar invita a toda la comunidad bolivarense a participar en el gran encuentro de saberes y sabores que se llevar\u00e1 a cabo este viernes 30 a partir de las 9:00 am en la Casa de la Diversidad Cultura, ubicada en la calle Venezuela.<\/p>\n\n\n\n<p>En esta oportunidad la cultora bolivarense Maura Cede\u00f1o, especialista en comida t\u00edpica de la regi\u00f3n, ense\u00f1ar\u00e1 c\u00f3mo es el proceso de elaboraci\u00f3n de la Sapoara rellena.<\/p>\n\n\n\n<p>\u201cSe trata de un acercamiento con la comunidad para conectar con nuestras tradiciones y la gastronom\u00eda t\u00edpica de la regi\u00f3n con el objetivo de traspasar a las nuevas generaciones todos estos conocimientos sobre la preparaci\u00f3n de este suculento manjar propio de nuestra Guayana como parte de lo que representa el legado cultural, la visibilizaci\u00f3n, promoci\u00f3n y difusi\u00f3n de nuestro patrimonio cultural\u201d, indic\u00f3 Roc\u00edo Novellino, Delegada estadal del Centro de la Diversidad Cultural.<\/p>\n\n\n\n<p>Vale acotar, que el Centro de la Diversidad Cultural, que preside actualmente el escritor y gestor cultural de dilatada trayectoria, Benito Yrady, es un ente adscrito al Ministerio del Poder Popular para la Cultura, cuya misi\u00f3n es interactuar con la multiplicidad de formas en que se expresa la diversidad cultural en la sociedad venezolana, valor\u00e1ndose en beneficio de la integraci\u00f3n latinoamericana y caribe\u00f1a.<\/p>\n\n\n\n<p><strong><em>Prensa MinCultura Bol\u00edvar<\/em><\/strong><\/p>\n","protected":false},"excerpt":{"rendered":"<p>En ocasi\u00f3n a la celebraci\u00f3n de los 18 a\u00f1os del Centro de la Diversidad Cultural, la Delegaci\u00f3n Bol\u00edvar invita a toda la comunidad bolivarense a participar en el gran encuentro de saberes y sabores que se llevar\u00e1 a cabo este viernes 30 a partir de las 9:00 am en la Casa de la Diversidad Cultura, [&hellip;]<\/p>\n","protected":false},"author":2,"featured_media":246122,"comment_status":"closed","ping_status":"closed","sticky":false,"template":"","format":"standard","meta":{"footnotes":""},"categories":[1160],"tags":[],"class_list":{"0":"post-246121","1":"post","2":"type-post","3":"status-publish","4":"format-standard","5":"has-post-thumbnail","7":"category-cultura"},"_links":{"self":[{"href":"https:\/\/elluchador.info\/index.php?rest_route=\/wp\/v2\/posts\/246121","targetHints":{"allow":["GET"]}}],"collection":[{"href":"https:\/\/elluchador.info\/index.php?rest_route=\/wp\/v2\/posts"}],"about":[{"href":"https:\/\/elluchador.info\/index.php?rest_route=\/wp\/v2\/types\/post"}],"author":[{"embeddable":true,"href":"https:\/\/elluchador.info\/index.php?rest_route=\/wp\/v2\/users\/2"}],"replies":[{"embeddable":true,"href":"https:\/\/elluchador.info\/index.php?rest_route=%2Fwp%2Fv2%2Fcomments&post=246121"}],"version-history":[{"count":1,"href":"https:\/\/elluchador.info\/index.php?rest_route=\/wp\/v2\/posts\/246121\/revisions"}],"predecessor-version":[{"id":246123,"href":"https:\/\/elluchador.info\/index.php?rest_route=\/wp\/v2\/posts\/246121\/revisions\/246123"}],"wp:featuredmedia":[{"embeddable":true,"href":"https:\/\/elluchador.info\/index.php?rest_route=\/wp\/v2\/media\/246122"}],"wp:attachment":[{"href":"https:\/\/elluchador.info\/index.php?rest_route=%2Fwp%2Fv2%2Fmedia&parent=246121"}],"wp:term":[{"taxonomy":"category","embeddable":true,"href":"https:\/\/elluchador.info\/index.php?rest_route=%2Fwp%2Fv2%2Fcategories&post=246121"},{"taxonomy":"post_tag","embeddable":true,"href":"https:\/\/elluchador.info\/index.php?rest_route=%2Fwp%2Fv2%2Ftags&post=246121"}],"curies":[{"name":"wp","href":"https:\/\/api.w.org\/{rel}","templated":true}]}}