{"id":246152,"date":"2024-08-29T11:01:22","date_gmt":"2024-08-29T15:01:22","guid":{"rendered":"https:\/\/elluchador.info\/?p=246152"},"modified":"2024-08-29T11:01:25","modified_gmt":"2024-08-29T15:01:25","slug":"abierto-el-sepulcro-de-santa-teresa-110-anos-despues-el-cuerpo-sigue-incorrupto","status":"publish","type":"post","link":"https:\/\/elluchador.info\/?p=246152","title":{"rendered":"Abierto el sepulcro de Santa Teresa 110 a\u00f1os despu\u00e9s: El cuerpo sigue incorrupto"},"content":{"rendered":"\n<p>Bajo el espectacular cielo azul de Alba de Tormes lleg\u00f3 la esperada confirmaci\u00f3n: el cuerpo de Santa Teresa de Jes\u00fas sigue incorrupto. Es la primera conclusi\u00f3n a la que han llegado los investigadores despu\u00e9s de abrir a primera hora de la ma\u00f1ana de este mi\u00e9rcoles el sepulcro de la doctora abulense que se custodia en la Bas\u00edlica de la Anunciaci\u00f3n de la localidad en la que falleci\u00f3 en 1582.<\/p>\n\n\n\n<p>A las puertas de la Bas\u00edlica de la Anunciaci\u00f3n, en cuyo interior se encuentra el sepulcro, el postulador general de la Orden del Carmelo Descalzo, Marco Chiesa, y el prior de Alba de Tormes, Miguel \u00c1ngel Gonz\u00e1lez, han detallado c\u00f3mo se han desarrollado los trabajos durante toda la ma\u00f1ana para concluir que el estado de conservaci\u00f3n de la Santa es el mismo que el que est\u00e1 documentado, mediante una fotograf\u00eda, en 1914.<\/p>\n\n\n\n<p>Los dos frailes no pod\u00edan ocultar su alegr\u00eda por esta primera comprobaci\u00f3n que ha llevado a se\u00f1alar al padre Chiesa que el aspecto de la m\u00edstica abulense \u00abes el mismo\u00bb que hace m\u00e1s de un siglo. \u00abEn la jornada de hoy se ha abierto el sepulcro de Santa Teresa y hemos comprobado que est\u00e1 en las mismas condiciones que en la \u00faltima apertura de 1914\u00bb, ha insistido el carmelita italiano.<\/p>\n\n\n\n<p>En el camar\u00edn que da cobijo al sepulcro hasta donde llegan miles de peregrinos cada a\u00f1o ya no est\u00e1 la urna de plata ni est\u00e1n el brazo y el coraz\u00f3n que tambi\u00e9n se est\u00e1n estudiando en una estancia contigua, junto con la mano de Santa Teresa que ha llegado expresamente desde Ronda (M\u00e1laga).<\/p>\n\n\n\n<p>El padre Chiesa ha detallado que el objetivo de esta actuaci\u00f3n es \u00abcomprobar aspectos de la vida de la santa como sus enfermedades y problemas, as\u00ed como el estado de conservaci\u00f3n del cuerpo para ver c\u00f3mo se puede intervenir para conservarlo por los siglos\u00bb. Se trata de \u00abconocer mejor a la santa, su ofrecimiento, sus \u00faltimos a\u00f1os de vida definidos por los dolores\u00bb, ha a\u00f1adido. En este sentido, ha avanzado que \u00abya se ha detectado que en el pie padec\u00eda espina calc\u00e1rea que le hac\u00eda imposible caminar, pero ella caminaba y lleg\u00f3 a Alba de Tormes y su deseo era proseguir pero era dif\u00edcil f\u00edsicamente\u00bb.<\/p>\n\n\n\n<p>Por su parte, el padre Miguel \u00c1ngel Gonz\u00e1lez ha explicado c\u00f3mo al abrir el sepulcro se han encontrado cr\u00f3nicas del traslado que se realiz\u00f3 dentro del monasterio en 1754, as\u00ed como muchas fotograf\u00edas que depositaron los vecinos de Alba de Tormes en la apertura de 1914. El carmelita ha reconocido su alegr\u00eda por c\u00f3mo se encuentra el cuerpo de Santa Teresa, aunque ha matizado que lo esperaban dado que el coraz\u00f3n y el brazo, que tambi\u00e9n est\u00e1n en la villa salmantina, se puede comprobar que est\u00e1n incorruptos.<\/p>\n\n\n\n<p>El prior de Alba de Tormes ha confesado a ABC que han vivido la ma\u00f1ana con mucha \u00abintensidad espiritual y emoci\u00f3n\u00bb, pero tambi\u00e9n \u00abcon mucha tranquilidad y serenidad\u00bb. Junto al cuerpo de la doctora de la Iglesia, la comunidad carmelita ha depositado muchas de las peticiones que han recibido durante estos d\u00edas, desde personales relacionadas con las enfermedades, hasta de gran calado porque \u00abcomo dec\u00eda la Santa, no son tiempos de tratar con Dios negocios de poca importancia\u00bb, reflexion\u00f3 el fraile.<\/p>\n\n\n\n<p><strong>Urna de plata<\/strong><\/p>\n\n\n\n<p><strong><br><\/strong>A primera hora de la ma\u00f1ana de este mi\u00e9rcoles la comunidad de Madres Carmelitas Descalzas junto con el Postulador General de la Orden, los miembros del tribunal eclesi\u00e1stico y un reducido grupo de religiosos \u00abhemos trasladado con austeridad y solemnidad los relicarios al lugar habilitado para el estudio. Lo hemos hecho cantando el Te Deum con el coraz\u00f3n lleno de emoci\u00f3n\u00bb, ha se\u00f1alado el padre Miguel \u00c1ngel Gonz\u00e1lez.<\/p>\n\n\n\n<p>Primero se ha retirado la losa de m\u00e1rmol que hay en el sepulcro para poder sacar la urna de plata. Una vez en la sala habilitada para lo estudios y ya solo con el equipo m\u00e9dico cient\u00edfico y los miembros del tribunal eclesi\u00e1stico se ha abierto con las diez llaves que se necesitan, tres de las cuales est\u00e1n depositadas en Roma.<\/p>\n\n\n\n<p>El proceso para la apertura del sepulcro lo inici\u00f3 en agosto de 2022 el prior de Alba de Tormes y que cuenta con el benepl\u00e1cito del Vaticano y el papa Francisco. La actuaci\u00f3n contar\u00e1 con tres fases. La primera, que se prolongar\u00e1 hasta el pr\u00f3ximo d\u00eda 31 del mismo mes, ha supuesto la llegada a Alba de un equipo m\u00e9dico-cient\u00edfico encabezado por el prestigioso profesor Luigi Capasso con la participaci\u00f3n de dos colaboradores suyos. En los trabajos tambi\u00e9n participan los orfebres salmantinos Ignacio Manzano y Constantino Mart\u00edn para la conservaci\u00f3n de los objetos preciosos.<\/p>\n\n\n\n<p><strong>Con informaci\u00f3n de ABC Espa\u00f1a<\/strong><\/p>\n","protected":false},"excerpt":{"rendered":"<p>Bajo el espectacular cielo azul de Alba de Tormes lleg\u00f3 la esperada confirmaci\u00f3n: el cuerpo de Santa Teresa de Jes\u00fas sigue incorrupto. Es la primera conclusi\u00f3n a la que han llegado los investigadores despu\u00e9s de abrir a primera hora de la ma\u00f1ana de este mi\u00e9rcoles el sepulcro de la doctora abulense que se custodia en [&hellip;]<\/p>\n","protected":false},"author":2,"featured_media":246154,"comment_status":"closed","ping_status":"closed","sticky":false,"template":"","format":"standard","meta":{"footnotes":""},"categories":[3],"tags":[],"class_list":{"0":"post-246152","1":"post","2":"type-post","3":"status-publish","4":"format-standard","5":"has-post-thumbnail","7":"category-curiosidades"},"_links":{"self":[{"href":"https:\/\/elluchador.info\/index.php?rest_route=\/wp\/v2\/posts\/246152","targetHints":{"allow":["GET"]}}],"collection":[{"href":"https:\/\/elluchador.info\/index.php?rest_route=\/wp\/v2\/posts"}],"about":[{"href":"https:\/\/elluchador.info\/index.php?rest_route=\/wp\/v2\/types\/post"}],"author":[{"embeddable":true,"href":"https:\/\/elluchador.info\/index.php?rest_route=\/wp\/v2\/users\/2"}],"replies":[{"embeddable":true,"href":"https:\/\/elluchador.info\/index.php?rest_route=%2Fwp%2Fv2%2Fcomments&post=246152"}],"version-history":[{"count":1,"href":"https:\/\/elluchador.info\/index.php?rest_route=\/wp\/v2\/posts\/246152\/revisions"}],"predecessor-version":[{"id":246155,"href":"https:\/\/elluchador.info\/index.php?rest_route=\/wp\/v2\/posts\/246152\/revisions\/246155"}],"wp:featuredmedia":[{"embeddable":true,"href":"https:\/\/elluchador.info\/index.php?rest_route=\/wp\/v2\/media\/246154"}],"wp:attachment":[{"href":"https:\/\/elluchador.info\/index.php?rest_route=%2Fwp%2Fv2%2Fmedia&parent=246152"}],"wp:term":[{"taxonomy":"category","embeddable":true,"href":"https:\/\/elluchador.info\/index.php?rest_route=%2Fwp%2Fv2%2Fcategories&post=246152"},{"taxonomy":"post_tag","embeddable":true,"href":"https:\/\/elluchador.info\/index.php?rest_route=%2Fwp%2Fv2%2Ftags&post=246152"}],"curies":[{"name":"wp","href":"https:\/\/api.w.org\/{rel}","templated":true}]}}