{"id":246169,"date":"2024-08-29T11:25:45","date_gmt":"2024-08-29T15:25:45","guid":{"rendered":"https:\/\/elluchador.info\/?p=246169"},"modified":"2024-08-29T11:25:49","modified_gmt":"2024-08-29T15:25:49","slug":"venezuela-desfilo-en-la-xvii-edicion-de-los-juegos-paralimpicos-2024","status":"publish","type":"post","link":"https:\/\/elluchador.info\/?p=246169","title":{"rendered":"Venezuela desfil\u00f3 en la XVII edici\u00f3n de los Juegos Paral\u00edmpicos 2024"},"content":{"rendered":"\n<p>Los venezolanos Lisbeli Vera y Luis Felipe Rodr\u00edguez ondearon el tricolor nacional en la inauguraci\u00f3n de los Juegos Paral\u00edmpicos Francia 2024 realizada en Champs-Elys\u00e9es hasta la Place de la Concorde, de la ciudad de Par\u00eds en &nbsp;presencia de 160 pa\u00edses que competir\u00e1n durante 11 d\u00edas por conseguir la gloria en un cap\u00edtulo en esta justa deportiva.<\/p>\n\n\n\n<p>Los Juegos Paral\u00edmpicos iniciaron este mi\u00e9rcoles 28 de agosto hasta el pr\u00f3ximo 11 de septiembre con la participaci\u00f3n de 4.000 paraatletas en 22 disciplinas, donde Venezuela consigui\u00f3 inscribir su nombre en 9 paradeportes con la participaci\u00f3n de 25 atletas.<\/p>\n\n\n\n<p>La delegaci\u00f3n la componen 17 paraatletas femeninas y 8 masculinos:<\/p>\n\n\n\n<p>Linda P\u00e9rez, Sele Barrios, Franyelis Vargas, Yomaira Cohen, Leonela Vera, Irene Su\u00e1rez, Luis Felipe Rodr\u00edguez, Luis L\u00f3pez, Enderson Santos, Paola Garc\u00eda, Naibys Morillo, Lisbeli Vera, Rosibel Colmenares, Edwards Varela, Alejandra P\u00e9rez (paratletismo), Marcos Blanco, Danitza Sanabria (parajudo) Francia Jaimez (paraesgrima), Valeria Morales (parataekwondo), Belkis Mota, Jos\u00e9 G. Montilla (paranataci\u00f3n), Roberto Quijada (paratenis de mesa) Richard Espinoza (paraciclismo) Clara Fuentes (parapowerlifting) Emma Rodr\u00edguez (paratriatl\u00f3n).<\/p>\n\n\n\n<p>Los criollos comenzar\u00e1n su participaci\u00f3n a partir del 30 de agosto con las acciones del paraatletismo donde estar\u00e1n en competencia Rosibel Colmenares (salto largo), Franyelis Vargas (salto largo) y Lisbeli Vera (400 m) y el parataekwondo con Valeria Morales.<\/p>\n\n\n\n<p><strong><em>Mindeporte<\/em><\/strong><\/p>\n","protected":false},"excerpt":{"rendered":"<p>Los venezolanos Lisbeli Vera y Luis Felipe Rodr\u00edguez ondearon el tricolor nacional en la inauguraci\u00f3n de los Juegos Paral\u00edmpicos Francia 2024 realizada en Champs-Elys\u00e9es hasta la Place de la Concorde, de la ciudad de Par\u00eds en &nbsp;presencia de 160 pa\u00edses que competir\u00e1n durante 11 d\u00edas por conseguir la gloria en un cap\u00edtulo en esta justa [&hellip;]<\/p>\n","protected":false},"author":2,"featured_media":246170,"comment_status":"closed","ping_status":"closed","sticky":false,"template":"","format":"standard","meta":{"footnotes":""},"categories":[1,4,5],"tags":[],"class_list":{"0":"post-246169","1":"post","2":"type-post","3":"status-publish","4":"format-standard","5":"has-post-thumbnail","7":"category-deporte","8":"category-deportes","9":"category-destacado"},"_links":{"self":[{"href":"https:\/\/elluchador.info\/index.php?rest_route=\/wp\/v2\/posts\/246169","targetHints":{"allow":["GET"]}}],"collection":[{"href":"https:\/\/elluchador.info\/index.php?rest_route=\/wp\/v2\/posts"}],"about":[{"href":"https:\/\/elluchador.info\/index.php?rest_route=\/wp\/v2\/types\/post"}],"author":[{"embeddable":true,"href":"https:\/\/elluchador.info\/index.php?rest_route=\/wp\/v2\/users\/2"}],"replies":[{"embeddable":true,"href":"https:\/\/elluchador.info\/index.php?rest_route=%2Fwp%2Fv2%2Fcomments&post=246169"}],"version-history":[{"count":1,"href":"https:\/\/elluchador.info\/index.php?rest_route=\/wp\/v2\/posts\/246169\/revisions"}],"predecessor-version":[{"id":246171,"href":"https:\/\/elluchador.info\/index.php?rest_route=\/wp\/v2\/posts\/246169\/revisions\/246171"}],"wp:featuredmedia":[{"embeddable":true,"href":"https:\/\/elluchador.info\/index.php?rest_route=\/wp\/v2\/media\/246170"}],"wp:attachment":[{"href":"https:\/\/elluchador.info\/index.php?rest_route=%2Fwp%2Fv2%2Fmedia&parent=246169"}],"wp:term":[{"taxonomy":"category","embeddable":true,"href":"https:\/\/elluchador.info\/index.php?rest_route=%2Fwp%2Fv2%2Fcategories&post=246169"},{"taxonomy":"post_tag","embeddable":true,"href":"https:\/\/elluchador.info\/index.php?rest_route=%2Fwp%2Fv2%2Ftags&post=246169"}],"curies":[{"name":"wp","href":"https:\/\/api.w.org\/{rel}","templated":true}]}}