{"id":246175,"date":"2024-08-29T12:06:25","date_gmt":"2024-08-29T16:06:25","guid":{"rendered":"https:\/\/elluchador.info\/?p=246175"},"modified":"2024-08-29T14:41:10","modified_gmt":"2024-08-29T18:41:10","slug":"mp-cita-por-tercera-vez-edmundo-gonzalez-para-este-viernes","status":"publish","type":"post","link":"https:\/\/elluchador.info\/?p=246175","title":{"rendered":"MP cita por tercera vez a Edmundo Gonz\u00e1lez para este viernes"},"content":{"rendered":"\n<p>El Ministerio P\u00fablico (MP), emiti\u00f3 este jueves otra boleta de citaci\u00f3n al excandidato, Edmundo Gonz\u00e1lez, luego de no asistir este 28 de agosto a la fiscal\u00eda, donde estaba citado a declarar por varios delitos, entre ellos a la divulgaci\u00f3n de actas electorales a trav\u00e9s de una p\u00e1gina web fraudulenta.<\/p>\n\n\n\n<p>Edmundo est\u00e1 llamado a comparecer este viernes 30 de agosto, a las 10:00 de la ma\u00f1ana. En la nueva boleta se indica: que de no comparecer ante este despacho fiscal en la fecha se\u00f1alada, se considerar\u00e1 que nos encontramos en presencia de peligro de fuga, seg\u00fan lo previsto en el art\u00edculo 237, y del peligro de obstaculizaci\u00f3n, previsto en el art\u00edculo 238 del C\u00f3digo Org\u00e1nico Procesal Penal, por lo que se tramitar\u00e1 la correspondiente orden de aprehensi\u00f3n.<\/p>\n\n\n\n<p>Cabe destacar que el d\u00eda mi\u00e9rcoles 28 de agosto, el fiscal general de la Rep\u00fablica, Tarek William Saab, habr\u00eda informado sobre la emisi\u00f3n de la nueva citaci\u00f3n, la cual refleja fue recibida este jueves por el ciudadano Luis Borrero a las 9:55 de la ma\u00f1ana.<\/p>\n\n\n\n<p>Las declaraciones que debe rendir el ex candidato presidencial son en torno a su presunta responsabilidad en los delitos de: usurpaci\u00f3n de funciones, forzamiento de documento p\u00fablico, instigaci\u00f3n a la desobediencia de las leyes, delitos inform\u00e1ticos, asociaci\u00f3n para delinquir y conspiraci\u00f3n.<\/p>\n\n\n\n<p>Cabe resaltar que Gonz\u00e1lez tampoco asisti\u00f3 nunca a la citaci\u00f3n realizada por la Sala Electoral del Tribunal Supremo de Justicia (TSJ) durante el proceso del contencioso electoral.<\/p>\n\n\n\n<figure class=\"wp-block-image size-large\"><img loading=\"lazy\" decoding=\"async\" width=\"576\" height=\"1024\" src=\"https:\/\/elluchador.info\/wp-content\/uploads\/2024\/08\/image-24-576x1024.png\" alt=\"\" class=\"wp-image-246176\" srcset=\"https:\/\/elluchador.info\/wp-content\/uploads\/2024\/08\/image-24-576x1024.png 576w, https:\/\/elluchador.info\/wp-content\/uploads\/2024\/08\/image-24-169x300.png 169w, https:\/\/elluchador.info\/wp-content\/uploads\/2024\/08\/image-24-150x267.png 150w, https:\/\/elluchador.info\/wp-content\/uploads\/2024\/08\/image-24-300x534.png 300w, https:\/\/elluchador.info\/wp-content\/uploads\/2024\/08\/image-24.png 607w\" sizes=\"auto, (max-width: 576px) 100vw, 576px\" \/><\/figure>\n\n\n\n<p><strong><em>Con informaci\u00f3n de VTV.<\/em><\/strong><\/p>\n","protected":false},"excerpt":{"rendered":"<p>El Ministerio P\u00fablico (MP), emiti\u00f3 este jueves otra boleta de citaci\u00f3n al excandidato, Edmundo Gonz\u00e1lez, luego de no asistir este 28 de agosto a la fiscal\u00eda, donde estaba citado a declarar por varios delitos, entre ellos a la divulgaci\u00f3n de actas electorales a trav\u00e9s de una p\u00e1gina web fraudulenta. Edmundo est\u00e1 llamado a comparecer este [&hellip;]<\/p>\n","protected":false},"author":2,"featured_media":246177,"comment_status":"closed","ping_status":"closed","sticky":false,"template":"","format":"standard","meta":{"footnotes":""},"categories":[5,11],"tags":[],"class_list":{"0":"post-246175","1":"post","2":"type-post","3":"status-publish","4":"format-standard","5":"has-post-thumbnail","7":"category-destacado","8":"category-politica"},"_links":{"self":[{"href":"https:\/\/elluchador.info\/index.php?rest_route=\/wp\/v2\/posts\/246175","targetHints":{"allow":["GET"]}}],"collection":[{"href":"https:\/\/elluchador.info\/index.php?rest_route=\/wp\/v2\/posts"}],"about":[{"href":"https:\/\/elluchador.info\/index.php?rest_route=\/wp\/v2\/types\/post"}],"author":[{"embeddable":true,"href":"https:\/\/elluchador.info\/index.php?rest_route=\/wp\/v2\/users\/2"}],"replies":[{"embeddable":true,"href":"https:\/\/elluchador.info\/index.php?rest_route=%2Fwp%2Fv2%2Fcomments&post=246175"}],"version-history":[{"count":2,"href":"https:\/\/elluchador.info\/index.php?rest_route=\/wp\/v2\/posts\/246175\/revisions"}],"predecessor-version":[{"id":246180,"href":"https:\/\/elluchador.info\/index.php?rest_route=\/wp\/v2\/posts\/246175\/revisions\/246180"}],"wp:featuredmedia":[{"embeddable":true,"href":"https:\/\/elluchador.info\/index.php?rest_route=\/wp\/v2\/media\/246177"}],"wp:attachment":[{"href":"https:\/\/elluchador.info\/index.php?rest_route=%2Fwp%2Fv2%2Fmedia&parent=246175"}],"wp:term":[{"taxonomy":"category","embeddable":true,"href":"https:\/\/elluchador.info\/index.php?rest_route=%2Fwp%2Fv2%2Fcategories&post=246175"},{"taxonomy":"post_tag","embeddable":true,"href":"https:\/\/elluchador.info\/index.php?rest_route=%2Fwp%2Fv2%2Ftags&post=246175"}],"curies":[{"name":"wp","href":"https:\/\/api.w.org\/{rel}","templated":true}]}}