{"id":246200,"date":"2024-08-29T14:20:00","date_gmt":"2024-08-29T18:20:00","guid":{"rendered":"https:\/\/elluchador.info\/?p=246200"},"modified":"2024-08-29T14:15:58","modified_gmt":"2024-08-29T18:15:58","slug":"exministra-de-comercio-dheliz-alvarez-dirigira-la-superintendencia-de-bancos-sudeban","status":"publish","type":"post","link":"https:\/\/elluchador.info\/?p=246200","title":{"rendered":"Exministra de Comercio Dheliz \u00c1lvarez dirigir\u00e1 la Superintendencia de Bancos (Sudeban)"},"content":{"rendered":"\n<p>La abogada Dheliz \u00c1lvarez, exministra de Comercio Nacional, fue designada como titular de la Superintendencia Nacional de Instituciones del Sector Bancario (Sudeban) como parte de la reestructuraci\u00f3n institucional del gobierno realizada por el presidente Nicol\u00e1s Maduro.<\/p>\n\n\n\n<p>La designaci\u00f3n aparece publicada en la Gaceta Oficial Extraordinaria n\u00famero 6.831 y fue suscrita por la vicepresidenta ejecutiva Delcy Rodr\u00edguez.<\/p>\n\n\n\n<p>Dheliz \u00c1lvarez es abogada. A pesar de su juventud tiene una experiencia en diversas responsabilidades p\u00fablicas, aparte de su actividad pol\u00edtica. Entre sus cargos anteriores figura el ejercicio como directora de Prevenci\u00f3n Control y Fiscalizaci\u00f3n de Legitimaci\u00f3n de Capitales en el Servicio Aut\u00f3nomo de Registros y Notar\u00edas (Saren).<\/p>\n\n\n\n<p>\u00c1lvarez sustituye en la Sudeban a Anabel Pereira Fern\u00e1ndez, quien en el reciente cambio ministerial fue designada como titular del despacho de Econom\u00eda, Finanzas y Comercio Exterior.<\/p>\n\n\n\n<p><strong><em>Con informaci\u00f3n de Banca y negocios.<\/em><\/strong><\/p>\n","protected":false},"excerpt":{"rendered":"<p>La abogada Dheliz \u00c1lvarez, exministra de Comercio Nacional, fue designada como titular de la Superintendencia Nacional de Instituciones del Sector Bancario (Sudeban) como parte de la reestructuraci\u00f3n institucional del gobierno realizada por el presidente Nicol\u00e1s Maduro. La designaci\u00f3n aparece publicada en la Gaceta Oficial Extraordinaria n\u00famero 6.831 y fue suscrita por la vicepresidenta ejecutiva Delcy [&hellip;]<\/p>\n","protected":false},"author":2,"featured_media":246201,"comment_status":"closed","ping_status":"closed","sticky":false,"template":"","format":"standard","meta":{"footnotes":""},"categories":[6],"tags":[],"class_list":{"0":"post-246200","1":"post","2":"type-post","3":"status-publish","4":"format-standard","5":"has-post-thumbnail","7":"category-economia"},"_links":{"self":[{"href":"https:\/\/elluchador.info\/index.php?rest_route=\/wp\/v2\/posts\/246200","targetHints":{"allow":["GET"]}}],"collection":[{"href":"https:\/\/elluchador.info\/index.php?rest_route=\/wp\/v2\/posts"}],"about":[{"href":"https:\/\/elluchador.info\/index.php?rest_route=\/wp\/v2\/types\/post"}],"author":[{"embeddable":true,"href":"https:\/\/elluchador.info\/index.php?rest_route=\/wp\/v2\/users\/2"}],"replies":[{"embeddable":true,"href":"https:\/\/elluchador.info\/index.php?rest_route=%2Fwp%2Fv2%2Fcomments&post=246200"}],"version-history":[{"count":1,"href":"https:\/\/elluchador.info\/index.php?rest_route=\/wp\/v2\/posts\/246200\/revisions"}],"predecessor-version":[{"id":246202,"href":"https:\/\/elluchador.info\/index.php?rest_route=\/wp\/v2\/posts\/246200\/revisions\/246202"}],"wp:featuredmedia":[{"embeddable":true,"href":"https:\/\/elluchador.info\/index.php?rest_route=\/wp\/v2\/media\/246201"}],"wp:attachment":[{"href":"https:\/\/elluchador.info\/index.php?rest_route=%2Fwp%2Fv2%2Fmedia&parent=246200"}],"wp:term":[{"taxonomy":"category","embeddable":true,"href":"https:\/\/elluchador.info\/index.php?rest_route=%2Fwp%2Fv2%2Fcategories&post=246200"},{"taxonomy":"post_tag","embeddable":true,"href":"https:\/\/elluchador.info\/index.php?rest_route=%2Fwp%2Fv2%2Ftags&post=246200"}],"curies":[{"name":"wp","href":"https:\/\/api.w.org\/{rel}","templated":true}]}}