{"id":246203,"date":"2024-08-29T14:30:00","date_gmt":"2024-08-29T18:30:00","guid":{"rendered":"https:\/\/elluchador.info\/?p=246203"},"modified":"2024-08-29T14:53:59","modified_gmt":"2024-08-29T18:53:59","slug":"dia-internacional-del-cabernet-sauvignon-por-que-se-conmemora-a-este-tipo-de-vino","status":"publish","type":"post","link":"https:\/\/elluchador.info\/?p=246203","title":{"rendered":"D\u00eda Internacional del Cabernet Sauvignon: \u00bfPor qu\u00e9 se conmemora a este tipo de vino?"},"content":{"rendered":"\n<p>Para aquellos amantes del<strong>\u00a0buen vino<\/strong>, este 29 de agosto es una fecha especial,ya que se celebra el<strong>\u00a0D\u00eda Internacional del Cabernet Sauvignon<\/strong>.\u00a0Esta fecha fue establecida en 2010 para rendir homenaje a una de las variedades de uva m\u00e1s prestigiosas y plantadas en el mundo.<\/p>\n\n\n\n<p>El&nbsp;<strong>D\u00eda del Cabernet Sauvignon var\u00eda cada a\u00f1o<\/strong>, pues es el jueves anterior al&nbsp;<em>Labor Day<\/em>, D\u00eda del Trabajo en Estados Unidos, que tampoco es una fecha fija, ya que se celebra el primer d\u00eda de septiembre. Es as\u00ed como en 2023, el 31 de agosto es el d\u00eda de este famoso vino,&nbsp;<strong>una fecha creada en 2010 por Rick Bakas<\/strong>,&nbsp;<em>sommelier&nbsp;<\/em>certificado por la Corte de Masters Sommeliers de Estados Unidos.&nbsp;<\/p>\n\n\n\n<p><strong>El&nbsp;<em>cabernet sauvignon<\/em>, considerado el rey de los vinos tintos, es la variedad m\u00e1s consumida en el mundo:&nbsp;<\/strong>el 14 % del vino comercializado es de este tipo. Y tambi\u00e9n es la de m\u00e1s prestigio.&nbsp;<\/p>\n\n\n\n<p><strong>Originario del sudoeste de Francia<\/strong>, es producto de una mutaci\u00f3n bot\u00e1nica natural que ocurri\u00f3 en el siglo XVIII cuando hubo un fen\u00f3meno de la naturaleza que uni\u00f3 el&nbsp;<em>cabernet franc<\/em>&nbsp;con el&nbsp;<em>sauvignon blanc<\/em>&nbsp;y dio paso a la uva&nbsp;<em>cabernet sauvignon<\/em>, que se adapta a distintas tierras y&nbsp;<strong>es de las mejores cepas para crear vinos j\u00f3venes&nbsp;<\/strong>y vinos de alta gama y complejidad.&nbsp;<\/p>\n\n\n\n<h2 class=\"wp-block-heading\"><strong>\u00bfEn qu\u00e9 copa de toma el Cabernet Sauvignon?<\/strong><\/h2>\n\n\n\n<p>Para disfrutar plenamente de esta variedad, es importante elegir la copa adecuada. Aqu\u00ed est\u00e1n las caracter\u00edsticas principales:<\/p>\n\n\n\n<p><strong>Tama\u00f1o:&nbsp;<\/strong>La copa de Cabernet tiene un generoso tama\u00f1o que permite que el bouquet se desarrolle en su totalidad. Su c\u00e1liz de gran volumen ayuda a liberar adecuadamente todos los aromas de esta variedad de uva. Aunque es grande, hay algunos modelos a\u00fan m\u00e1s amplios, como las copas de Burdeos.<\/p>\n\n\n\n<p><strong>Forma:<\/strong>&nbsp;Tiene un c\u00e1liz abombado que se va espigando hacia la parte superior de la boca. Esta forma crea una c\u00e1mara donde se concentran todos los aromas. Adem\u00e1s, dirige la entrada del vino correctamente, lo que la hace ideal para variedades m\u00e1s \u00e1cidas y menos t\u00e1nicas.<\/p>\n\n\n\n<p><strong>Di\u00e1metro:&nbsp;<\/strong>Es holgado, especialmente en la zona baja del c\u00e1liz. Esto permite que el vino tinto tenga suficiente espacio para oxigenarse correctamente. La parte alta de la copa, donde se sit\u00faa la boca, se va estrechando, lo que asegura que el vino alcance primero la zona m\u00e1s amplia de la lengua.<\/p>\n\n\n\n<h2 class=\"wp-block-heading\"><strong>\u00bfC\u00f3mo catarlo?<\/strong><\/h2>\n\n\n\n<p>A trav\u00e9s de todos los sentidos\u2026<\/p>\n\n\n\n<ul class=\"wp-block-list\">\n<li><strong>Visi\u00f3n:&nbsp;<\/strong>Inclinar la copa unos 45\u00b0 contrastando con un fondo blanco para apreciar los tonos viol\u00e1ceos e intensos, propios de los vinos j\u00f3venes.<\/li>\n\n\n\n<li><strong>Olfato:&nbsp;<\/strong>Acercar lentamente la copa para percibir su olor, luego realizar movimientos circulares con la copa para airear el vino y sentir el aroma a frutos silvestres.<\/li>\n\n\n\n<li><strong>Gusto:&nbsp;<\/strong>Beber un poco y saborearlo en toda la boca antes de tragarlo para sentir sus fuertes notas a grosella, cereza y ciruela, cuando son j\u00f3venes, y sus matices m\u00e1s especiados si han envejecido.&nbsp;<\/li>\n<\/ul>\n\n\n\n<h2 class=\"wp-block-heading\"><strong>\u00bfC\u00f3mo maridarlo?<\/strong><\/h2>\n\n\n\n<p><strong>La comida que lo acompa\u00f1e es fundamental para disfrutar su sabor. Se recomiendan:&nbsp;<\/strong><\/p>\n\n\n\n<ul class=\"wp-block-list\">\n<li>Carnes rojas a la brasa o guisos de ternera, carnes condimentadas acompa\u00f1adas de pur\u00e9 o ensalada.<\/li>\n\n\n\n<li>Frutos secos y queso&nbsp;<em>cheddar<\/em>,&nbsp;<em>gouda<\/em>&nbsp;o parmesano.<\/li>\n\n\n\n<li>Chocolate amargo.<\/li>\n<\/ul>\n\n\n\n<h2 class=\"wp-block-heading\"><strong>\u00bfC\u00f3mo no arruinarlo?<\/strong><\/h2>\n\n\n\n<p>Hay&nbsp;<strong>alimentos con los que no debe combinarse<\/strong>&nbsp;porque se generan sabores desagradables. Algunos son:&nbsp;<\/p>\n\n\n\n<ul class=\"wp-block-list\">\n<li>Comida picante, porque satura el paladar y altera el olfato.&nbsp;<\/li>\n\n\n\n<li>Cacao, porque tienen taninos similares, compuestos que dan astringencia y amargor. No confundir con el chocolate.&nbsp;<\/li>\n\n\n\n<li>Huevo cocido, porque tiene un efecto similar al cacao.&nbsp;<\/li>\n\n\n\n<li>Alcachofas, porque a algunos les produce un sabor met\u00e1lico y a otros el vino se les torna dulce. Tampoco esp\u00e1rragos, espinacas y acelgas.&nbsp;<\/li>\n\n\n\n<li>Ahumados fuertes, porque el humo estropea el paladar.&nbsp;<\/li>\n\n\n\n<li>Vinagre, porque su acidez anula al vino.&nbsp;<\/li>\n<\/ul>\n\n\n\n<p><strong><em>Con informaci\u00f3n de medios. <\/em><\/strong><\/p>\n","protected":false},"excerpt":{"rendered":"<p>Para aquellos amantes del\u00a0buen vino, este 29 de agosto es una fecha especial,ya que se celebra el\u00a0D\u00eda Internacional del Cabernet Sauvignon.\u00a0Esta fecha fue establecida en 2010 para rendir homenaje a una de las variedades de uva m\u00e1s prestigiosas y plantadas en el mundo. El&nbsp;D\u00eda del Cabernet Sauvignon var\u00eda cada a\u00f1o, pues es el jueves anterior [&hellip;]<\/p>\n","protected":false},"author":2,"featured_media":246204,"comment_status":"closed","ping_status":"closed","sticky":false,"template":"","format":"standard","meta":{"footnotes":""},"categories":[3],"tags":[],"class_list":{"0":"post-246203","1":"post","2":"type-post","3":"status-publish","4":"format-standard","5":"has-post-thumbnail","7":"category-curiosidades"},"_links":{"self":[{"href":"https:\/\/elluchador.info\/index.php?rest_route=\/wp\/v2\/posts\/246203","targetHints":{"allow":["GET"]}}],"collection":[{"href":"https:\/\/elluchador.info\/index.php?rest_route=\/wp\/v2\/posts"}],"about":[{"href":"https:\/\/elluchador.info\/index.php?rest_route=\/wp\/v2\/types\/post"}],"author":[{"embeddable":true,"href":"https:\/\/elluchador.info\/index.php?rest_route=\/wp\/v2\/users\/2"}],"replies":[{"embeddable":true,"href":"https:\/\/elluchador.info\/index.php?rest_route=%2Fwp%2Fv2%2Fcomments&post=246203"}],"version-history":[{"count":2,"href":"https:\/\/elluchador.info\/index.php?rest_route=\/wp\/v2\/posts\/246203\/revisions"}],"predecessor-version":[{"id":246223,"href":"https:\/\/elluchador.info\/index.php?rest_route=\/wp\/v2\/posts\/246203\/revisions\/246223"}],"wp:featuredmedia":[{"embeddable":true,"href":"https:\/\/elluchador.info\/index.php?rest_route=\/wp\/v2\/media\/246204"}],"wp:attachment":[{"href":"https:\/\/elluchador.info\/index.php?rest_route=%2Fwp%2Fv2%2Fmedia&parent=246203"}],"wp:term":[{"taxonomy":"category","embeddable":true,"href":"https:\/\/elluchador.info\/index.php?rest_route=%2Fwp%2Fv2%2Fcategories&post=246203"},{"taxonomy":"post_tag","embeddable":true,"href":"https:\/\/elluchador.info\/index.php?rest_route=%2Fwp%2Fv2%2Ftags&post=246203"}],"curies":[{"name":"wp","href":"https:\/\/api.w.org\/{rel}","templated":true}]}}