{"id":246216,"date":"2024-08-29T15:20:00","date_gmt":"2024-08-29T19:20:00","guid":{"rendered":"https:\/\/elluchador.info\/?p=246216"},"modified":"2024-08-29T14:39:25","modified_gmt":"2024-08-29T18:39:25","slug":"an-autoriza-separacion-temporal-de-sus-cargos-a-diputados-que-asumen-ministerios","status":"publish","type":"post","link":"https:\/\/elluchador.info\/?p=246216","title":{"rendered":"AN autoriza separaci\u00f3n temporal de sus cargos a diputados que asumen ministerios"},"content":{"rendered":"\n<p>La Asamblea Nacional (AN), autoriz\u00f3 la separaci\u00f3n temporal de sus cargos a los diputados Diosdado Cabello (PSUV\/Monagas), Ricardo S\u00e1nchez (AC\/Nacional), Arnaldo S\u00e1nchez (PSUV\/M\u00e9rida), y Grecia Colmenares (PSUV\/ T\u00e1chira), quienes asumieron responsabilidades ministeriales.<\/p>\n\n\n\n<p>Los parlamentarios saludaron a sus colegas, quienes en adelante integrar\u00e1n el gabinete de gobierno, como es el caso de Diosdado Cabello en el Ministerio del Poder Popular de Interior, Justicia y Paz; de Ricardo S\u00e1nchez, en Educaci\u00f3n Universitaria; Arnaldo S\u00e1nchez,&nbsp;en Deportes; y en Juventud, Grecia Colmenares.<\/p>\n\n\n\n<p><strong><em>Con informaci\u00f3n de Asamblea Nacional<\/em><\/strong><\/p>\n","protected":false},"excerpt":{"rendered":"<p>La Asamblea Nacional (AN), autoriz\u00f3 la separaci\u00f3n temporal de sus cargos a los diputados Diosdado Cabello (PSUV\/Monagas), Ricardo S\u00e1nchez (AC\/Nacional), Arnaldo S\u00e1nchez (PSUV\/M\u00e9rida), y Grecia Colmenares (PSUV\/ T\u00e1chira), quienes asumieron responsabilidades ministeriales. Los parlamentarios saludaron a sus colegas, quienes en adelante integrar\u00e1n el gabinete de gobierno, como es el caso de Diosdado Cabello en el [&hellip;]<\/p>\n","protected":false},"author":2,"featured_media":246217,"comment_status":"closed","ping_status":"closed","sticky":false,"template":"","format":"standard","meta":{"footnotes":""},"categories":[11],"tags":[],"class_list":{"0":"post-246216","1":"post","2":"type-post","3":"status-publish","4":"format-standard","5":"has-post-thumbnail","7":"category-politica"},"_links":{"self":[{"href":"https:\/\/elluchador.info\/index.php?rest_route=\/wp\/v2\/posts\/246216","targetHints":{"allow":["GET"]}}],"collection":[{"href":"https:\/\/elluchador.info\/index.php?rest_route=\/wp\/v2\/posts"}],"about":[{"href":"https:\/\/elluchador.info\/index.php?rest_route=\/wp\/v2\/types\/post"}],"author":[{"embeddable":true,"href":"https:\/\/elluchador.info\/index.php?rest_route=\/wp\/v2\/users\/2"}],"replies":[{"embeddable":true,"href":"https:\/\/elluchador.info\/index.php?rest_route=%2Fwp%2Fv2%2Fcomments&post=246216"}],"version-history":[{"count":1,"href":"https:\/\/elluchador.info\/index.php?rest_route=\/wp\/v2\/posts\/246216\/revisions"}],"predecessor-version":[{"id":246218,"href":"https:\/\/elluchador.info\/index.php?rest_route=\/wp\/v2\/posts\/246216\/revisions\/246218"}],"wp:featuredmedia":[{"embeddable":true,"href":"https:\/\/elluchador.info\/index.php?rest_route=\/wp\/v2\/media\/246217"}],"wp:attachment":[{"href":"https:\/\/elluchador.info\/index.php?rest_route=%2Fwp%2Fv2%2Fmedia&parent=246216"}],"wp:term":[{"taxonomy":"category","embeddable":true,"href":"https:\/\/elluchador.info\/index.php?rest_route=%2Fwp%2Fv2%2Fcategories&post=246216"},{"taxonomy":"post_tag","embeddable":true,"href":"https:\/\/elluchador.info\/index.php?rest_route=%2Fwp%2Fv2%2Ftags&post=246216"}],"curies":[{"name":"wp","href":"https:\/\/api.w.org\/{rel}","templated":true}]}}