{"id":246268,"date":"2024-08-31T10:05:04","date_gmt":"2024-08-31T14:05:04","guid":{"rendered":"https:\/\/elluchador.info\/?p=246268"},"modified":"2024-08-31T10:05:08","modified_gmt":"2024-08-31T14:05:08","slug":"rehabilitada-sala-de-rectificacion-en-venalum","status":"publish","type":"post","link":"https:\/\/elluchador.info\/?p=246268","title":{"rendered":"Rehabilitada sala de rectificaci\u00f3n en Venalum"},"content":{"rendered":"\n<p>Este viernes 30 de agosto se viraliz\u00f3 en las distintas plataformas digitales, el colapso de una de las salas de rectificaci\u00f3n de celdas en la empresa Venalum, debido al \u00absabotaje el\u00e9ctrico\u00bb, por ello los trabajadores de CVG Venalum, lograron \u00abrestaurar las operaciones en la sala de rectificadores de la quinta l\u00ednea\u00bb.<\/p>\n\n\n\n<p>En este sentido, el vicepresidente de la Junta Interventora de la CVG, Alexis Rodr\u00edguez Cabello, inform\u00f3 en sus redes sociales, el trabajo en equipo y la experiencia de varios trabajadores de la empresa, lograron solventar la situaci\u00f3n, \u00abel equipo de mantenimiento, junto con los operadores de la planta, trabaj\u00f3 incansablemente para identificar y corregir los da\u00f1os causados por el sabotaje\u00bb.<\/p>\n\n\n\n<p>Pudieron restablecer \u00abde manera efectiva, garantizando la continuidad de la producci\u00f3n y la seguridad de todos los empleados\u00bb, afirm\u00f3 el Rodr\u00edguez Cabello.<\/p>\n\n\n\n<p>Asimismo, Rodr\u00edguez Cabello, y el presidente de la empresa, \u00c1ngel Gonz\u00e1lez, estuvieron presentes durante el acompa\u00f1amiento de los trabajadores y en la activaci\u00f3n de la l\u00ednea.<\/p>\n\n\n\n<p>Tanto Rodr\u00edguez Cabello, como el presidente de la CVG, H\u00e9ctor Silva, agradecieron a los trabajadores por las maniobras realizadas.<\/p>\n\n\n\n<p>\u00abEste incidente no solo pone a prueba nuestras capacidades t\u00e9cnicas, sino tambi\u00e9n nuestra fortaleza como equipo. La r\u00e1pida respuesta de nuestros trabajadores demuestra su dedicaci\u00f3n y resiliencia ante situaciones adversas\u00bb, destac\u00f3 Rodr\u00edguez Cabello en su cuenta de Instagram.<\/p>\n\n\n\n<p><a href=\"https:\/\/www.instagram.com\/reel\/C_UEacmNIif\/?igsh=eWhvdzdudGJqYjUy\">https:\/\/www.instagram.com\/reel\/C_UEacmNIif\/?igsh=eWhvdzdudGJqYjUy<\/a><\/p>\n\n\n\n<p><strong>Redacci\u00f3n EL<\/strong><\/p>\n","protected":false},"excerpt":{"rendered":"<p>Este viernes 30 de agosto se viraliz\u00f3 en las distintas plataformas digitales, el colapso de una de las salas de rectificaci\u00f3n de celdas en la empresa Venalum, debido al \u00absabotaje el\u00e9ctrico\u00bb, por ello los trabajadores de CVG Venalum, lograron \u00abrestaurar las operaciones en la sala de rectificadores de la quinta l\u00ednea\u00bb. En este sentido, el [&hellip;]<\/p>\n","protected":false},"author":2,"featured_media":246269,"comment_status":"closed","ping_status":"closed","sticky":false,"template":"","format":"standard","meta":{"footnotes":""},"categories":[5,12],"tags":[1863,1869,306,776,1868],"class_list":{"0":"post-246268","1":"post","2":"type-post","3":"status-publish","4":"format-standard","5":"has-post-thumbnail","7":"category-destacado","8":"category-regionales","9":"tag-apagon-electrico","10":"tag-celdas","11":"tag-ciudad-bolivar","12":"tag-empresa","13":"tag-venalum"},"_links":{"self":[{"href":"https:\/\/elluchador.info\/index.php?rest_route=\/wp\/v2\/posts\/246268","targetHints":{"allow":["GET"]}}],"collection":[{"href":"https:\/\/elluchador.info\/index.php?rest_route=\/wp\/v2\/posts"}],"about":[{"href":"https:\/\/elluchador.info\/index.php?rest_route=\/wp\/v2\/types\/post"}],"author":[{"embeddable":true,"href":"https:\/\/elluchador.info\/index.php?rest_route=\/wp\/v2\/users\/2"}],"replies":[{"embeddable":true,"href":"https:\/\/elluchador.info\/index.php?rest_route=%2Fwp%2Fv2%2Fcomments&post=246268"}],"version-history":[{"count":1,"href":"https:\/\/elluchador.info\/index.php?rest_route=\/wp\/v2\/posts\/246268\/revisions"}],"predecessor-version":[{"id":246270,"href":"https:\/\/elluchador.info\/index.php?rest_route=\/wp\/v2\/posts\/246268\/revisions\/246270"}],"wp:featuredmedia":[{"embeddable":true,"href":"https:\/\/elluchador.info\/index.php?rest_route=\/wp\/v2\/media\/246269"}],"wp:attachment":[{"href":"https:\/\/elluchador.info\/index.php?rest_route=%2Fwp%2Fv2%2Fmedia&parent=246268"}],"wp:term":[{"taxonomy":"category","embeddable":true,"href":"https:\/\/elluchador.info\/index.php?rest_route=%2Fwp%2Fv2%2Fcategories&post=246268"},{"taxonomy":"post_tag","embeddable":true,"href":"https:\/\/elluchador.info\/index.php?rest_route=%2Fwp%2Fv2%2Ftags&post=246268"}],"curies":[{"name":"wp","href":"https:\/\/api.w.org\/{rel}","templated":true}]}}