{"id":246274,"date":"2024-08-31T11:20:20","date_gmt":"2024-08-31T15:20:20","guid":{"rendered":"https:\/\/elluchador.info\/?p=246274"},"modified":"2024-08-31T11:20:23","modified_gmt":"2024-08-31T15:20:23","slug":"gobierno-colombiano-insta-al-eln-retomar-conversaciones-y-extender-el-cese-al-fuego","status":"publish","type":"post","link":"https:\/\/elluchador.info\/?p=246274","title":{"rendered":"Gobierno colombiano insta al ELN retomar conversaciones y extender el cese al fuego"},"content":{"rendered":"\n<p>En un comunicado, la delegaci\u00f3n para los di\u00e1logos de paz con el Ej\u00e9rcito de Liberaci\u00f3n Nacional (ELN) destacaron la necesidad de continuar las conversaciones con el grupo guerrillero en la mesa establecida que se encuentra a\u00fan activa, as\u00ed como instaron a extender el cese al fuego lo m\u00e1s pronto posible.<\/p>\n\n\n\n<p>\u00abReafirmamos nuestra disposici\u00f3n para abordar todos los temas en el contexto de estos di\u00e1logos de paz\u00bb, puntualizan en el escrito.<\/p>\n\n\n\n<p>Los logros obtenidos en los ciclos de di\u00e1logo que se han sostenido en M\u00e9xico, Cuba y Venezuela, incluyendo un hito hist\u00f3rico el 25 de mayo con la firma del Acuerdo N\u00b028 sobre la participaci\u00f3n de la sociedad en el proceso, fueron destacados por los delegados del Gobierno de Gustavo Petro.<\/p>\n\n\n\n<p>Desde que expir\u00f3 el cese al fuego bilateral el pasado 3 de agosto, que hab\u00eda durado un a\u00f1o, se desencaden\u00f3 la reactivaci\u00f3n de los combates y acciones militares en algunas regiones, particularmente en los departamentos de Arauca y Norte de Santander.<\/p>\n\n\n\n<p>El aumento de la violencia ha causado muerte y destrucci\u00f3n en varios territorios, incluyendo ataques a la infraestructura petrolera en Arauca, o que afect\u00f3 el suministro de servicios esenciales como la electricidad y gener\u00f3 inseguridad en las comunidades locales.<\/p>\n\n\n\n<p>Con informaci\u00f3n <strong><em>El Universal<\/em><\/strong><\/p>\n","protected":false},"excerpt":{"rendered":"<p>En un comunicado, la delegaci\u00f3n para los di\u00e1logos de paz con el Ej\u00e9rcito de Liberaci\u00f3n Nacional (ELN) destacaron la necesidad de continuar las conversaciones con el grupo guerrillero en la mesa establecida que se encuentra a\u00fan activa, as\u00ed como instaron a extender el cese al fuego lo m\u00e1s pronto posible. \u00abReafirmamos nuestra disposici\u00f3n para abordar [&hellip;]<\/p>\n","protected":false},"author":33,"featured_media":246275,"comment_status":"closed","ping_status":"closed","sticky":false,"template":"","format":"standard","meta":{"footnotes":""},"categories":[8],"tags":[397,396],"class_list":{"0":"post-246274","1":"post","2":"type-post","3":"status-publish","4":"format-standard","5":"has-post-thumbnail","7":"category-internacionales","8":"tag-colombia","9":"tag-eln"},"_links":{"self":[{"href":"https:\/\/elluchador.info\/index.php?rest_route=\/wp\/v2\/posts\/246274","targetHints":{"allow":["GET"]}}],"collection":[{"href":"https:\/\/elluchador.info\/index.php?rest_route=\/wp\/v2\/posts"}],"about":[{"href":"https:\/\/elluchador.info\/index.php?rest_route=\/wp\/v2\/types\/post"}],"author":[{"embeddable":true,"href":"https:\/\/elluchador.info\/index.php?rest_route=\/wp\/v2\/users\/33"}],"replies":[{"embeddable":true,"href":"https:\/\/elluchador.info\/index.php?rest_route=%2Fwp%2Fv2%2Fcomments&post=246274"}],"version-history":[{"count":1,"href":"https:\/\/elluchador.info\/index.php?rest_route=\/wp\/v2\/posts\/246274\/revisions"}],"predecessor-version":[{"id":246276,"href":"https:\/\/elluchador.info\/index.php?rest_route=\/wp\/v2\/posts\/246274\/revisions\/246276"}],"wp:featuredmedia":[{"embeddable":true,"href":"https:\/\/elluchador.info\/index.php?rest_route=\/wp\/v2\/media\/246275"}],"wp:attachment":[{"href":"https:\/\/elluchador.info\/index.php?rest_route=%2Fwp%2Fv2%2Fmedia&parent=246274"}],"wp:term":[{"taxonomy":"category","embeddable":true,"href":"https:\/\/elluchador.info\/index.php?rest_route=%2Fwp%2Fv2%2Fcategories&post=246274"},{"taxonomy":"post_tag","embeddable":true,"href":"https:\/\/elluchador.info\/index.php?rest_route=%2Fwp%2Fv2%2Ftags&post=246274"}],"curies":[{"name":"wp","href":"https:\/\/api.w.org\/{rel}","templated":true}]}}