{"id":246289,"date":"2024-08-31T12:22:17","date_gmt":"2024-08-31T16:22:17","guid":{"rendered":"https:\/\/elluchador.info\/?p=246289"},"modified":"2024-08-31T12:22:23","modified_gmt":"2024-08-31T16:22:23","slug":"canada-suspende-permisos-de-trabajo-a-visitantes-extranjeros","status":"publish","type":"post","link":"https:\/\/elluchador.info\/?p=246289","title":{"rendered":"Canad\u00e1 suspende permisos de trabajo a visitantes extranjeros"},"content":{"rendered":"\n<p>El gobierno de Canad\u00e1 dej\u00f3 de otorgar permisos de trabajo a los visitantes extranjeros, una pol\u00edtica que hab\u00eda sido puesta en vigor durante la epidemia de covid-19, inform\u00f3 la radiotelevisi\u00f3n p\u00fablica canadiense, CBC.<\/p>\n\n\n\n<p>La decisi\u00f3n es la \u00faltima adoptada por las autoridades de Canad\u00e1 para limitar el n\u00famero de trabajadores extranjeros en la econom\u00eda canadiense, as\u00ed como de los solicitantes de refugio que llegan al pa\u00eds.<\/p>\n\n\n\n<p>La medida fue instaurada en agosto de 2020 para ayudar a los visitantes extranjeros que se encontraban en Canad\u00e1 y que no pod\u00edan regresar a sus lugares de origen por el cierre de las fronteras. Desde entonces, 6.549 personas solicitaron permisos de trabajo bajo el programa y 4.761 recibieron la autorizaci\u00f3n.<\/p>\n\n\n\n<p>El gobierno canadiense hab\u00eda anunciado inicialmente que dejar\u00eda de conceder permisos de trabajo a visitantes extranjeros en febrero de 2025.<\/p>\n\n\n\n<p>Pero Canad\u00e1 cancel\u00f3 de forma inesperada la medida el pasado mi\u00e9rcoles, \u00abpara recalibrar el n\u00famero de residentes temporales en Canad\u00e1 y preservar la integridad del sistema de inmigraci\u00f3n\u00bb, afirm\u00f3 entonces el Ministerio de Inmigraci\u00f3n en un comunicado del que los medios no se han hecho eco hasta ahora.<\/p>\n\n\n\n<p>En los \u00faltimos meses, el r\u00e1pido aumento del costo de la vida, la carest\u00eda de viviendas asequibles y la elevada tasa de desempleo entre nuevos inmigrantes han provocado protestas en amplios sectores de la sociedad canadiense en demanda de cambios a las pol\u00edticas migratorias del pa\u00eds.<\/p>\n\n\n\n<figure class=\"wp-block-embed is-type-rich is-provider-twitter wp-block-embed-twitter\"><div class=\"wp-block-embed__wrapper\">\n<blockquote class=\"twitter-tweet\" data-width=\"550\" data-dnt=\"true\"><p lang=\"en\" dir=\"ltr\">A report says Canada\u2019s temporary foreign worker program is a \u201cbreeding ground\u201d for contemporary slavery. A UN special rapporteur says a power imbalance prevents workers from exercising their rights.<br><br>Read here- <a href=\"https:\/\/t.co\/z9F8QWbSe7\">https:\/\/t.co\/z9F8QWbSe7<\/a><a href=\"https:\/\/twitter.com\/hashtag\/TFW?src=hash&amp;ref_src=twsrc%5Etfw\">#TFW<\/a> <a href=\"https:\/\/twitter.com\/hashtag\/foodindustry?src=hash&amp;ref_src=twsrc%5Etfw\">#foodindustry<\/a><\/p>&mdash; Food in Canada (@FoodinCanada) <a href=\"https:\/\/twitter.com\/FoodinCanada\/status\/1829564746762244117?ref_src=twsrc%5Etfw\">August 30, 2024<\/a><\/blockquote><script async src=\"https:\/\/platform.twitter.com\/widgets.js\" charset=\"utf-8\"><\/script>\n<\/div><\/figure>\n\n\n\n<p>En respuesta a las cr\u00edticas, el gobierno canadiense cambi\u00f3 las regulaciones para la aceptaci\u00f3n de peticiones de refugio, impuesto l\u00edmites al n\u00famero de estudiantes extranjeros en el pa\u00eds y m\u00e1s recientemente anunci\u00f3 reducciones al programa de trabajadores temporales extranjeros con el objetivo de reducir del 6,1 % actual al 5 % la proporci\u00f3n de residentes temporales extranjeros con respecto al total de la poblaci\u00f3n.<\/p>\n\n\n\n<p>En la actualidad, el n\u00famero de residentes temporales extranjeros en Canad\u00e1 es de 2,8 millones de personas, cuando hace dos a\u00f1os la cifra era s\u00f3lo de 1,4 millones.<\/p>\n\n\n\n<p>Con informaci\u00f3n <strong><em>AFP<\/em><\/strong><\/p>\n","protected":false},"excerpt":{"rendered":"<p>El gobierno de Canad\u00e1 dej\u00f3 de otorgar permisos de trabajo a los visitantes extranjeros, una pol\u00edtica que hab\u00eda sido puesta en vigor durante la epidemia de covid-19, inform\u00f3 la radiotelevisi\u00f3n p\u00fablica canadiense, CBC. La decisi\u00f3n es la \u00faltima adoptada por las autoridades de Canad\u00e1 para limitar el n\u00famero de trabajadores extranjeros en la econom\u00eda canadiense, [&hellip;]<\/p>\n","protected":false},"author":33,"featured_media":246290,"comment_status":"closed","ping_status":"closed","sticky":false,"template":"","format":"standard","meta":{"footnotes":""},"categories":[8],"tags":[1505,905,863],"class_list":{"0":"post-246289","1":"post","2":"type-post","3":"status-publish","4":"format-standard","5":"has-post-thumbnail","7":"category-internacionales","8":"tag-canada-2","9":"tag-extranjeros","10":"tag-trabajo"},"_links":{"self":[{"href":"https:\/\/elluchador.info\/index.php?rest_route=\/wp\/v2\/posts\/246289","targetHints":{"allow":["GET"]}}],"collection":[{"href":"https:\/\/elluchador.info\/index.php?rest_route=\/wp\/v2\/posts"}],"about":[{"href":"https:\/\/elluchador.info\/index.php?rest_route=\/wp\/v2\/types\/post"}],"author":[{"embeddable":true,"href":"https:\/\/elluchador.info\/index.php?rest_route=\/wp\/v2\/users\/33"}],"replies":[{"embeddable":true,"href":"https:\/\/elluchador.info\/index.php?rest_route=%2Fwp%2Fv2%2Fcomments&post=246289"}],"version-history":[{"count":1,"href":"https:\/\/elluchador.info\/index.php?rest_route=\/wp\/v2\/posts\/246289\/revisions"}],"predecessor-version":[{"id":246291,"href":"https:\/\/elluchador.info\/index.php?rest_route=\/wp\/v2\/posts\/246289\/revisions\/246291"}],"wp:featuredmedia":[{"embeddable":true,"href":"https:\/\/elluchador.info\/index.php?rest_route=\/wp\/v2\/media\/246290"}],"wp:attachment":[{"href":"https:\/\/elluchador.info\/index.php?rest_route=%2Fwp%2Fv2%2Fmedia&parent=246289"}],"wp:term":[{"taxonomy":"category","embeddable":true,"href":"https:\/\/elluchador.info\/index.php?rest_route=%2Fwp%2Fv2%2Fcategories&post=246289"},{"taxonomy":"post_tag","embeddable":true,"href":"https:\/\/elluchador.info\/index.php?rest_route=%2Fwp%2Fv2%2Ftags&post=246289"}],"curies":[{"name":"wp","href":"https:\/\/api.w.org\/{rel}","templated":true}]}}