{"id":246384,"date":"2024-09-01T11:27:32","date_gmt":"2024-09-01T15:27:32","guid":{"rendered":"https:\/\/elluchador.info\/?p=246384"},"modified":"2024-09-01T11:27:35","modified_gmt":"2024-09-01T15:27:35","slug":"venezuela-y-bolivia-actualizan-cooperacion-en-materia-educativa","status":"publish","type":"post","link":"https:\/\/elluchador.info\/?p=246384","title":{"rendered":"Venezuela y Bolivia actualizan cooperaci\u00f3n en materia educativa"},"content":{"rendered":"\n<p>Con el objetivo de actualizar la cooperaci\u00f3n en materia educativa, el embajador de la Rep\u00fablica Bolivariana de Venezuela ante el Estado Plurinacional de Bolivia, C\u00e9sar Tr\u00f3mpiz, asisti\u00f3 a un encuentro en la Escuela de Gesti\u00f3n P\u00fablica Plurinacional (EGPP).<\/p>\n\n\n\n<p>Durante su estancia en la instituci\u00f3n boliviana, se inici\u00f3 el proceso de selecci\u00f3n de becarios para cursar estudios en la Universidad de las Ciencias de la Salud \u201cHugo Ch\u00e1vez Fr\u00edas\u201d de Venezuela, como parte de la cooperaci\u00f3n educativa binacional.<\/p>\n\n\n\n<p>\u201cEn esta reuni\u00f3n actualizamos la cooperaci\u00f3n para este a\u00f1o contar con nuevos becarios bolivianos, invitados por Venezuela para estudiar Medicina Integral Comunitaria\u201d, se\u00f1al\u00f3.<\/p>\n\n\n\n<p>El proceso de admisi\u00f3n, al igual que en otras ocasiones, se realizar\u00e1 en coordinaci\u00f3n con el Ministerio de Educaci\u00f3n Universitaria, la Embajada de Venezuela en Bolivia y Fundaci\u00f3n Gran Mariscal de Ayacucho (Fundayacucho). En el cual se har\u00e1n entrevistas, ex\u00e1menes m\u00e9dicos y tramitaci\u00f3n de visa estudiantil, entre otros requisitos.<\/p>\n\n\n\n<p>El a\u00f1o pasado, 14 j\u00f3venes bolivianos iniciaron sus estudios profesionales de medicina en la Universidad de las Ciencias de la Salud \u201cHugo Ch\u00e1vez Fr\u00edas\u201d, mediante becas otorgadas por Fundayacucho.<\/p>\n\n\n\n<p><em><strong>Con informaci\u00f3n de \u00daN.<\/strong><\/em><\/p>\n","protected":false},"excerpt":{"rendered":"<p>Con el objetivo de actualizar la cooperaci\u00f3n en materia educativa, el embajador de la Rep\u00fablica Bolivariana de Venezuela ante el Estado Plurinacional de Bolivia, C\u00e9sar Tr\u00f3mpiz, asisti\u00f3 a un encuentro en la Escuela de Gesti\u00f3n P\u00fablica Plurinacional (EGPP). Durante su estancia en la instituci\u00f3n boliviana, se inici\u00f3 el proceso de selecci\u00f3n de becarios para cursar [&hellip;]<\/p>\n","protected":false},"author":2,"featured_media":246385,"comment_status":"closed","ping_status":"closed","sticky":false,"template":"","format":"standard","meta":{"footnotes":""},"categories":[11],"tags":[],"class_list":{"0":"post-246384","1":"post","2":"type-post","3":"status-publish","4":"format-standard","5":"has-post-thumbnail","7":"category-politica"},"_links":{"self":[{"href":"https:\/\/elluchador.info\/index.php?rest_route=\/wp\/v2\/posts\/246384","targetHints":{"allow":["GET"]}}],"collection":[{"href":"https:\/\/elluchador.info\/index.php?rest_route=\/wp\/v2\/posts"}],"about":[{"href":"https:\/\/elluchador.info\/index.php?rest_route=\/wp\/v2\/types\/post"}],"author":[{"embeddable":true,"href":"https:\/\/elluchador.info\/index.php?rest_route=\/wp\/v2\/users\/2"}],"replies":[{"embeddable":true,"href":"https:\/\/elluchador.info\/index.php?rest_route=%2Fwp%2Fv2%2Fcomments&post=246384"}],"version-history":[{"count":1,"href":"https:\/\/elluchador.info\/index.php?rest_route=\/wp\/v2\/posts\/246384\/revisions"}],"predecessor-version":[{"id":246386,"href":"https:\/\/elluchador.info\/index.php?rest_route=\/wp\/v2\/posts\/246384\/revisions\/246386"}],"wp:featuredmedia":[{"embeddable":true,"href":"https:\/\/elluchador.info\/index.php?rest_route=\/wp\/v2\/media\/246385"}],"wp:attachment":[{"href":"https:\/\/elluchador.info\/index.php?rest_route=%2Fwp%2Fv2%2Fmedia&parent=246384"}],"wp:term":[{"taxonomy":"category","embeddable":true,"href":"https:\/\/elluchador.info\/index.php?rest_route=%2Fwp%2Fv2%2Fcategories&post=246384"},{"taxonomy":"post_tag","embeddable":true,"href":"https:\/\/elluchador.info\/index.php?rest_route=%2Fwp%2Fv2%2Ftags&post=246384"}],"curies":[{"name":"wp","href":"https:\/\/api.w.org\/{rel}","templated":true}]}}