{"id":246401,"date":"2024-09-01T12:57:38","date_gmt":"2024-09-01T16:57:38","guid":{"rendered":"https:\/\/elluchador.info\/?p=246401"},"modified":"2024-09-01T12:57:42","modified_gmt":"2024-09-01T16:57:42","slug":"bajada-de-la-virgen-del-valle-guaiqueri-inicia-festividades-de-la-patrona-margaritena","status":"publish","type":"post","link":"https:\/\/elluchador.info\/?p=246401","title":{"rendered":"Bajada de la Virgen del Valle Guaiquer\u00ed inicia festividades de la patrona margarite\u00f1a"},"content":{"rendered":"\n<p>Feligreses asistieron este domingo a la bajada de la Virgen del Valle Guaiquer\u00ed en la isla de Margarita.<\/p>\n\n\n\n<p>Los fieles acompa\u00f1aron a la comunidad ind\u00edgena Francisco Fajardo de El Poblado que cumpli\u00f3, como todos los a\u00f1os, con una de las actividades religiosas mas ancestrales.<\/p>\n\n\n\n<p>Representantes de la Iglesia Cat\u00f3lica del estado Nueva Esparta, estiman la llegada de al menos 30 mil feligreses para las fiestas que conmemoran la advocaci\u00f3n neoespartana de Nuestra Se\u00f1ora desde el 1 al 8 de septiembre.<\/p>\n\n\n\n<p>El obispo de la Di\u00f3cesis de Margarita, monse\u00f1or Fernando Castro Aguayo, junto al presb\u00edtero, Andr\u00e9s Villarroel, p\u00e1rroco y rector de la Bas\u00edlica Menor Nuestra Se\u00f1ora del Valle, informaron que la iglesia tiene garantizada toda la log\u00edstica, incluyendo atenci\u00f3n m\u00e9dica para atender a los visitantes en estas fechas.<\/p>\n\n\n\n<p>Bajo el lema Mar\u00eda Reina de la Paz, la di\u00f3cesis avanza y Monse\u00f1or Castro Aguayo subraya que las festividades de este a\u00f1o ser\u00e1n la antesala para celebrar en 2025 la llegada de la venerada imagen a tierras insulares.<\/p>\n\n\n\n<p>\u00abEste mundo est\u00e1 convulsionado y hemos querido honrar este a\u00f1o a nuestra madre poni\u00e9ndola como intercesora a trav\u00e9s de su hijo Jesucristo para que nos de el don de la paz\u00bb.<\/p>\n\n\n\n<p>Agreg\u00f3 que \u00ab\u00e9sta fiesta de los neoespartanos, \u00e9sta fiesta de los orientales van desde aqu\u00ed hacia todo el mundo para enviar este mensaje de paz\u00bb.<\/p>\n\n\n\n<p><strong>Con informaci\u00f3n de medios&nbsp;<\/strong><\/p>\n","protected":false},"excerpt":{"rendered":"<p>Feligreses asistieron este domingo a la bajada de la Virgen del Valle Guaiquer\u00ed en la isla de Margarita. Los fieles acompa\u00f1aron a la comunidad ind\u00edgena Francisco Fajardo de El Poblado que cumpli\u00f3, como todos los a\u00f1os, con una de las actividades religiosas mas ancestrales. Representantes de la Iglesia Cat\u00f3lica del estado Nueva Esparta, estiman la [&hellip;]<\/p>\n","protected":false},"author":2,"featured_media":246402,"comment_status":"closed","ping_status":"closed","sticky":false,"template":"","format":"standard","meta":{"footnotes":""},"categories":[1160],"tags":[],"class_list":{"0":"post-246401","1":"post","2":"type-post","3":"status-publish","4":"format-standard","5":"has-post-thumbnail","7":"category-cultura"},"_links":{"self":[{"href":"https:\/\/elluchador.info\/index.php?rest_route=\/wp\/v2\/posts\/246401","targetHints":{"allow":["GET"]}}],"collection":[{"href":"https:\/\/elluchador.info\/index.php?rest_route=\/wp\/v2\/posts"}],"about":[{"href":"https:\/\/elluchador.info\/index.php?rest_route=\/wp\/v2\/types\/post"}],"author":[{"embeddable":true,"href":"https:\/\/elluchador.info\/index.php?rest_route=\/wp\/v2\/users\/2"}],"replies":[{"embeddable":true,"href":"https:\/\/elluchador.info\/index.php?rest_route=%2Fwp%2Fv2%2Fcomments&post=246401"}],"version-history":[{"count":1,"href":"https:\/\/elluchador.info\/index.php?rest_route=\/wp\/v2\/posts\/246401\/revisions"}],"predecessor-version":[{"id":246403,"href":"https:\/\/elluchador.info\/index.php?rest_route=\/wp\/v2\/posts\/246401\/revisions\/246403"}],"wp:featuredmedia":[{"embeddable":true,"href":"https:\/\/elluchador.info\/index.php?rest_route=\/wp\/v2\/media\/246402"}],"wp:attachment":[{"href":"https:\/\/elluchador.info\/index.php?rest_route=%2Fwp%2Fv2%2Fmedia&parent=246401"}],"wp:term":[{"taxonomy":"category","embeddable":true,"href":"https:\/\/elluchador.info\/index.php?rest_route=%2Fwp%2Fv2%2Fcategories&post=246401"},{"taxonomy":"post_tag","embeddable":true,"href":"https:\/\/elluchador.info\/index.php?rest_route=%2Fwp%2Fv2%2Ftags&post=246401"}],"curies":[{"name":"wp","href":"https:\/\/api.w.org\/{rel}","templated":true}]}}