{"id":246421,"date":"2024-09-01T14:04:50","date_gmt":"2024-09-01T18:04:50","guid":{"rendered":"https:\/\/elluchador.info\/?p=246421"},"modified":"2024-09-01T14:04:53","modified_gmt":"2024-09-01T18:04:53","slug":"amplian-sistema-de-vigilancia-y-control-contra-delitos-ambientales","status":"publish","type":"post","link":"https:\/\/elluchador.info\/?p=246421","title":{"rendered":"Ampl\u00edan sistema de vigilancia y control contra delitos ambientales"},"content":{"rendered":"\n<p>El ministro del Poder Popular para Ecosocialismo, Josu\u00e9 Lorca, anunci\u00f3 la instalaci\u00f3n de&nbsp; la quinta estaci\u00f3n de sistema de repetidora en Cerro Arrojata Cuman\u00e1, con el fin de detectar delitos ambientales, as\u00ed como incendios forestales, acci\u00f3n que se llev\u00f3 a cabo en cumplimiento de las instrucciones del vicepresidente Sectorial de Servicios y Obras P\u00fablicas, M\/G Jorge Elieser M\u00e1rquez,&nbsp;<\/p>\n\n\n\n<p>La informaci\u00f3n la dio a conocer Lorca, a trav\u00e9s de un video publicado en su cuenta de Instagram, donde indic\u00f3 que, \u201cestamos instalando la quinta estaci\u00f3n de sistema de repetidora en Cerro Arrojata, Cuman\u00e1 (estado Sucre), con el objetivo de garantizar una comunicaci\u00f3n inmediata v\u00eda radios VHF, de Caracas a todos los estados del oriente del pa\u00eds\u201d.<\/p>\n\n\n\n<p>El ministro explic\u00f3 que con esta \u00faltima instalaci\u00f3n est\u00e1 cubierto el 70 % del pa\u00eds, entre parques nacionales y zonas estrat\u00e9gicas, para la vigilancia y control de los delitos ambientales.<\/p>\n\n\n\n<p><strong><em>Con informaci\u00f3n de VTV <\/em><\/strong><a href=\"https:\/\/www.vtv.gob.ve\/amplian-sistema-vigilancia-delitos-ambientales-sucre\/\"><\/a><\/p>\n","protected":false},"excerpt":{"rendered":"<p>El ministro del Poder Popular para Ecosocialismo, Josu\u00e9 Lorca, anunci\u00f3 la instalaci\u00f3n de&nbsp; la quinta estaci\u00f3n de sistema de repetidora en Cerro Arrojata Cuman\u00e1, con el fin de detectar delitos ambientales, as\u00ed como incendios forestales, acci\u00f3n que se llev\u00f3 a cabo en cumplimiento de las instrucciones del vicepresidente Sectorial de Servicios y Obras P\u00fablicas, M\/G [&hellip;]<\/p>\n","protected":false},"author":2,"featured_media":246423,"comment_status":"closed","ping_status":"closed","sticky":false,"template":"","format":"standard","meta":{"footnotes":""},"categories":[5,9],"tags":[],"class_list":{"0":"post-246421","1":"post","2":"type-post","3":"status-publish","4":"format-standard","5":"has-post-thumbnail","7":"category-destacado","8":"category-nacionales"},"_links":{"self":[{"href":"https:\/\/elluchador.info\/index.php?rest_route=\/wp\/v2\/posts\/246421","targetHints":{"allow":["GET"]}}],"collection":[{"href":"https:\/\/elluchador.info\/index.php?rest_route=\/wp\/v2\/posts"}],"about":[{"href":"https:\/\/elluchador.info\/index.php?rest_route=\/wp\/v2\/types\/post"}],"author":[{"embeddable":true,"href":"https:\/\/elluchador.info\/index.php?rest_route=\/wp\/v2\/users\/2"}],"replies":[{"embeddable":true,"href":"https:\/\/elluchador.info\/index.php?rest_route=%2Fwp%2Fv2%2Fcomments&post=246421"}],"version-history":[{"count":1,"href":"https:\/\/elluchador.info\/index.php?rest_route=\/wp\/v2\/posts\/246421\/revisions"}],"predecessor-version":[{"id":246424,"href":"https:\/\/elluchador.info\/index.php?rest_route=\/wp\/v2\/posts\/246421\/revisions\/246424"}],"wp:featuredmedia":[{"embeddable":true,"href":"https:\/\/elluchador.info\/index.php?rest_route=\/wp\/v2\/media\/246423"}],"wp:attachment":[{"href":"https:\/\/elluchador.info\/index.php?rest_route=%2Fwp%2Fv2%2Fmedia&parent=246421"}],"wp:term":[{"taxonomy":"category","embeddable":true,"href":"https:\/\/elluchador.info\/index.php?rest_route=%2Fwp%2Fv2%2Fcategories&post=246421"},{"taxonomy":"post_tag","embeddable":true,"href":"https:\/\/elluchador.info\/index.php?rest_route=%2Fwp%2Fv2%2Ftags&post=246421"}],"curies":[{"name":"wp","href":"https:\/\/api.w.org\/{rel}","templated":true}]}}