{"id":246428,"date":"2024-09-01T14:22:00","date_gmt":"2024-09-01T18:22:00","guid":{"rendered":"https:\/\/elluchador.info\/?p=246428"},"modified":"2024-09-01T14:19:35","modified_gmt":"2024-09-01T18:19:35","slug":"informe-final-senala-las-condiciones-climaticas-como-causa-del-accidente-aereo-de-raisi","status":"publish","type":"post","link":"https:\/\/elluchador.info\/?p=246428","title":{"rendered":"Informe final se\u00f1ala las condiciones clim\u00e1ticas como causa del accidente a\u00e9reo de Raisi"},"content":{"rendered":"\n<p>La principal causa del accidente del helic\u00f3ptero en el que muri\u00f3 el expresidente iran\u00ed Ebrahim Raisi (1960-2024) fueron las dif\u00edciles condiciones clim\u00e1ticas, se\u00f1ala el informe final del Estado Mayor de las Fuerzas Armadas iran\u00edes.<\/p>\n\n\n\n<p>\u00abLa causa principal del accidente del helic\u00f3ptero fueron las &#8216;dif\u00edciles condiciones clim\u00e1ticas de la regi\u00f3n en la estaci\u00f3n primaveral&#8217;, la repentina aparici\u00f3n de una &#8216;densa masa de niebla&#8217;. Como consecuencia, la aeronave colision\u00f3 con una monta\u00f1a\u00bb, indica el informe, citado por la agencia de noticias\u00a0<em>IRIB<\/em>.<a href=\"https:\/\/noticiaslatam.lat\/20240901\/informe-final-senala-las-condiciones-climaticas-como-causa-del-accidente-aereo-de-raisi-1157207014.html#\"><\/a><\/p>\n\n\n\n<p>El pasado 19 de mayo, el helic\u00f3ptero en el que viajaban Raisi, el canciller Huse\u00edn Amir Abdolahi\u00e1n y otras personalidades\u00a0<strong>se estrell\u00f3 en una zona monta\u00f1osa de la regi\u00f3n de Varzaqan<\/strong>, en el noreste de Ir\u00e1n.<\/p>\n\n\n\n<p>Al d\u00eda siguiente, el vicepresidente del pa\u00eds, Mohsen Mansuri, confirm\u00f3 la muerte del presidente y sus acompa\u00f1antes.<\/p>\n\n\n\n<p>La delegaci\u00f3n estaba regresando de Azerbaiy\u00e1n, donde Raisi y su hom\u00f3logo azer\u00ed, Ilham Aliyev, hab\u00edan participado en la ceremonia de inauguraci\u00f3n de una nueva presa en el r\u00edo Aras, en la frontera con Azerbaiy\u00e1n.<\/p>\n\n\n\n<p><strong><em>Con informaci\u00f3n de Sputnik.<\/em><\/strong><\/p>\n","protected":false},"excerpt":{"rendered":"<p>La principal causa del accidente del helic\u00f3ptero en el que muri\u00f3 el expresidente iran\u00ed Ebrahim Raisi (1960-2024) fueron las dif\u00edciles condiciones clim\u00e1ticas, se\u00f1ala el informe final del Estado Mayor de las Fuerzas Armadas iran\u00edes. \u00abLa causa principal del accidente del helic\u00f3ptero fueron las &#8216;dif\u00edciles condiciones clim\u00e1ticas de la regi\u00f3n en la estaci\u00f3n primaveral&#8217;, la repentina [&hellip;]<\/p>\n","protected":false},"author":2,"featured_media":246429,"comment_status":"closed","ping_status":"closed","sticky":false,"template":"","format":"standard","meta":{"footnotes":""},"categories":[8],"tags":[],"class_list":{"0":"post-246428","1":"post","2":"type-post","3":"status-publish","4":"format-standard","5":"has-post-thumbnail","7":"category-internacionales"},"_links":{"self":[{"href":"https:\/\/elluchador.info\/index.php?rest_route=\/wp\/v2\/posts\/246428","targetHints":{"allow":["GET"]}}],"collection":[{"href":"https:\/\/elluchador.info\/index.php?rest_route=\/wp\/v2\/posts"}],"about":[{"href":"https:\/\/elluchador.info\/index.php?rest_route=\/wp\/v2\/types\/post"}],"author":[{"embeddable":true,"href":"https:\/\/elluchador.info\/index.php?rest_route=\/wp\/v2\/users\/2"}],"replies":[{"embeddable":true,"href":"https:\/\/elluchador.info\/index.php?rest_route=%2Fwp%2Fv2%2Fcomments&post=246428"}],"version-history":[{"count":1,"href":"https:\/\/elluchador.info\/index.php?rest_route=\/wp\/v2\/posts\/246428\/revisions"}],"predecessor-version":[{"id":246430,"href":"https:\/\/elluchador.info\/index.php?rest_route=\/wp\/v2\/posts\/246428\/revisions\/246430"}],"wp:featuredmedia":[{"embeddable":true,"href":"https:\/\/elluchador.info\/index.php?rest_route=\/wp\/v2\/media\/246429"}],"wp:attachment":[{"href":"https:\/\/elluchador.info\/index.php?rest_route=%2Fwp%2Fv2%2Fmedia&parent=246428"}],"wp:term":[{"taxonomy":"category","embeddable":true,"href":"https:\/\/elluchador.info\/index.php?rest_route=%2Fwp%2Fv2%2Fcategories&post=246428"},{"taxonomy":"post_tag","embeddable":true,"href":"https:\/\/elluchador.info\/index.php?rest_route=%2Fwp%2Fv2%2Ftags&post=246428"}],"curies":[{"name":"wp","href":"https:\/\/api.w.org\/{rel}","templated":true}]}}