{"id":246459,"date":"2024-09-01T16:02:00","date_gmt":"2024-09-01T20:02:00","guid":{"rendered":"https:\/\/elluchador.info\/?p=246459"},"modified":"2024-09-01T14:43:29","modified_gmt":"2024-09-01T18:43:29","slug":"venezuela-extiende-prohibicion-de-vuelos-comerciales-con-panama-peru-y-republica-dominicana","status":"publish","type":"post","link":"https:\/\/elluchador.info\/?p=246459","title":{"rendered":"Venezuela extiende prohibici\u00f3n de vuelos comerciales con Panam\u00e1, Per\u00fa y Rep\u00fablica Dominicana"},"content":{"rendered":"\n<p>El Ejecutivo Nacional decidi\u00f3 prorrogar hasta el pr\u00f3ximo 30 de septiembre la prohibici\u00f3n de vuelos comerciales con destino a Per\u00fa, Panam\u00e1 y Rep\u00fablica Dominicana.<\/p>\n\n\n\n<p>La medida qued\u00f3 renovada a trav\u00e9s del Instituto Nacional de Aeron\u00e1utica Civil, la cual entr\u00f3 en vigencia desde el pasado 31 de julio.<\/p>\n\n\n\n<p>El pasado 30 de julio, el ministerio de Transporte anunci\u00f3 la suspensi\u00f3n temporal de los vuelos aerocomerciales, desde y hacia Venezuela, Panam\u00e1 y Rep\u00fablica Dominicana, a partir del 31 de julio de 2024.<\/p>\n\n\n\n<p>En un comunicado divulgado en ese momento la cartera de transporte se\u00f1al\u00f3 que la medida respond\u00eda a \u201cla presunci\u00f3n del uso de la aviaci\u00f3n civil con fines no compatibles con los principios de seguridad\u201d.<\/p>\n\n\n\n<figure class=\"wp-block-embed is-type-rich is-provider-twitter wp-block-embed-twitter\"><div class=\"wp-block-embed__wrapper\">\n<blockquote class=\"twitter-tweet\" data-width=\"550\" data-dnt=\"true\"><p lang=\"es\" dir=\"ltr\"><a href=\"https:\/\/twitter.com\/hashtag\/COMUNICADO?src=hash&amp;ref_src=twsrc%5Etfw\">#COMUNICADO<\/a> \ud83d\udea8 En rechazo al injerencismo de gobiernos de derecha y basados en la soberan\u00eda plena, se anuncia la suspensi\u00f3n temporal de los vuelos aerocomerciales, desde y hacia la Rep\u00fablica Bolivariana de Venezuela con Panam\u00e1 y la Rep\u00fablica Dominicana \u2935\ufe0f <a href=\"https:\/\/t.co\/J3LpXZazfx\">pic.twitter.com\/J3LpXZazfx<\/a><\/p>&mdash; Instituto Nacional de Aeron\u00e1utica Civil (INAC) (@InacVzla) <a href=\"https:\/\/twitter.com\/InacVzla\/status\/1818109594591281373?ref_src=twsrc%5Etfw\">July 30, 2024<\/a><\/blockquote><script async src=\"https:\/\/platform.twitter.com\/widgets.js\" charset=\"utf-8\"><\/script>\n<\/div><\/figure>\n\n\n\n<p><em><strong>Con informaci\u00f3n de EU<\/strong><\/em><\/p>\n","protected":false},"excerpt":{"rendered":"<p>El Ejecutivo Nacional decidi\u00f3 prorrogar hasta el pr\u00f3ximo 30 de septiembre la prohibici\u00f3n de vuelos comerciales con destino a Per\u00fa, Panam\u00e1 y Rep\u00fablica Dominicana. La medida qued\u00f3 renovada a trav\u00e9s del Instituto Nacional de Aeron\u00e1utica Civil, la cual entr\u00f3 en vigencia desde el pasado 31 de julio. El pasado 30 de julio, el ministerio de [&hellip;]<\/p>\n","protected":false},"author":2,"featured_media":246460,"comment_status":"closed","ping_status":"closed","sticky":false,"template":"","format":"standard","meta":{"footnotes":""},"categories":[9],"tags":[],"class_list":{"0":"post-246459","1":"post","2":"type-post","3":"status-publish","4":"format-standard","5":"has-post-thumbnail","7":"category-nacionales"},"_links":{"self":[{"href":"https:\/\/elluchador.info\/index.php?rest_route=\/wp\/v2\/posts\/246459","targetHints":{"allow":["GET"]}}],"collection":[{"href":"https:\/\/elluchador.info\/index.php?rest_route=\/wp\/v2\/posts"}],"about":[{"href":"https:\/\/elluchador.info\/index.php?rest_route=\/wp\/v2\/types\/post"}],"author":[{"embeddable":true,"href":"https:\/\/elluchador.info\/index.php?rest_route=\/wp\/v2\/users\/2"}],"replies":[{"embeddable":true,"href":"https:\/\/elluchador.info\/index.php?rest_route=%2Fwp%2Fv2%2Fcomments&post=246459"}],"version-history":[{"count":1,"href":"https:\/\/elluchador.info\/index.php?rest_route=\/wp\/v2\/posts\/246459\/revisions"}],"predecessor-version":[{"id":246461,"href":"https:\/\/elluchador.info\/index.php?rest_route=\/wp\/v2\/posts\/246459\/revisions\/246461"}],"wp:featuredmedia":[{"embeddable":true,"href":"https:\/\/elluchador.info\/index.php?rest_route=\/wp\/v2\/media\/246460"}],"wp:attachment":[{"href":"https:\/\/elluchador.info\/index.php?rest_route=%2Fwp%2Fv2%2Fmedia&parent=246459"}],"wp:term":[{"taxonomy":"category","embeddable":true,"href":"https:\/\/elluchador.info\/index.php?rest_route=%2Fwp%2Fv2%2Fcategories&post=246459"},{"taxonomy":"post_tag","embeddable":true,"href":"https:\/\/elluchador.info\/index.php?rest_route=%2Fwp%2Fv2%2Ftags&post=246459"}],"curies":[{"name":"wp","href":"https:\/\/api.w.org\/{rel}","templated":true}]}}