{"id":246481,"date":"2024-09-02T08:03:41","date_gmt":"2024-09-02T12:03:41","guid":{"rendered":"https:\/\/elluchador.info\/?p=246481"},"modified":"2024-09-02T08:03:45","modified_gmt":"2024-09-02T12:03:45","slug":"piden-asfaltado-para-el-callejon-4-de-vista-hermosa","status":"publish","type":"post","link":"https:\/\/elluchador.info\/?p=246481","title":{"rendered":"Piden asfaltado para el callej\u00f3n 4 de Vista Hermosa"},"content":{"rendered":"\n<p>Vecinos del callej\u00f3n 4 de Vista Hermosa hicieron un llamado a las autoridades competentes a fin de solicitar un plan de asfalto para el lugar.<\/p>\n\n\n\n<p>\u00abEl callej\u00f3n est\u00e1 casi intransitable. La capa asf\u00e1ltica est\u00e1 muy deteriorada y es necesario que se le haga un cari\u00f1ito\u00bb, indic\u00f3 Jos\u00e9 Ramos.<\/p>\n\n\n\n<p>El deterioro del pavimento en el callej\u00f3n 4 de Vista Hermosa es un problema que data desde hace varios a\u00f1os.<\/p>\n\n\n\n<p>\u00abEn varias ocasiones hemos solicitado el apoyo gubernamental, hemos aprovechado visitas de las autoridades al sector quienes han visto la situaci\u00f3n que ya tiene algunos a\u00f1os , pero hasta ahora no hemos tenido soluci\u00f3n\u00bb, agreg\u00f3.<\/p>\n\n\n\n<p>La falta de mantenimiento y botes de agua han sido causantes del deterioro que hoy muestra el callej\u00f3n 4.<\/p>\n\n\n\n<p>Quienes hacen vida en el lugar piden a las autoridades competentes ejecutar un plan de asfaltado, dado que, \u00abya pr\u00e1cticamente tenemos diciembre encima y no queremos recibir el a\u00f1o nuevo con el callej\u00f3n mostrando su peor cara\u00bb.<\/p>\n\n\n\n<p>Gledis Bonilla.-<\/p>\n","protected":false},"excerpt":{"rendered":"<p>Vecinos del callej\u00f3n 4 de Vista Hermosa hicieron un llamado a las autoridades competentes a fin de solicitar un plan de asfalto para el lugar. \u00abEl callej\u00f3n est\u00e1 casi intransitable. La capa asf\u00e1ltica est\u00e1 muy deteriorada y es necesario que se le haga un cari\u00f1ito\u00bb, indic\u00f3 Jos\u00e9 Ramos. El deterioro del pavimento en el callej\u00f3n [&hellip;]<\/p>\n","protected":false},"author":38,"featured_media":246482,"comment_status":"closed","ping_status":"closed","sticky":false,"template":"","format":"standard","meta":{"footnotes":""},"categories":[2],"tags":[306],"class_list":{"0":"post-246481","1":"post","2":"type-post","3":"status-publish","4":"format-standard","5":"has-post-thumbnail","7":"category-comunidad","8":"tag-ciudad-bolivar"},"_links":{"self":[{"href":"https:\/\/elluchador.info\/index.php?rest_route=\/wp\/v2\/posts\/246481","targetHints":{"allow":["GET"]}}],"collection":[{"href":"https:\/\/elluchador.info\/index.php?rest_route=\/wp\/v2\/posts"}],"about":[{"href":"https:\/\/elluchador.info\/index.php?rest_route=\/wp\/v2\/types\/post"}],"author":[{"embeddable":true,"href":"https:\/\/elluchador.info\/index.php?rest_route=\/wp\/v2\/users\/38"}],"replies":[{"embeddable":true,"href":"https:\/\/elluchador.info\/index.php?rest_route=%2Fwp%2Fv2%2Fcomments&post=246481"}],"version-history":[{"count":1,"href":"https:\/\/elluchador.info\/index.php?rest_route=\/wp\/v2\/posts\/246481\/revisions"}],"predecessor-version":[{"id":246483,"href":"https:\/\/elluchador.info\/index.php?rest_route=\/wp\/v2\/posts\/246481\/revisions\/246483"}],"wp:featuredmedia":[{"embeddable":true,"href":"https:\/\/elluchador.info\/index.php?rest_route=\/wp\/v2\/media\/246482"}],"wp:attachment":[{"href":"https:\/\/elluchador.info\/index.php?rest_route=%2Fwp%2Fv2%2Fmedia&parent=246481"}],"wp:term":[{"taxonomy":"category","embeddable":true,"href":"https:\/\/elluchador.info\/index.php?rest_route=%2Fwp%2Fv2%2Fcategories&post=246481"},{"taxonomy":"post_tag","embeddable":true,"href":"https:\/\/elluchador.info\/index.php?rest_route=%2Fwp%2Fv2%2Ftags&post=246481"}],"curies":[{"name":"wp","href":"https:\/\/api.w.org\/{rel}","templated":true}]}}