{"id":246623,"date":"2024-09-02T18:22:56","date_gmt":"2024-09-02T22:22:56","guid":{"rendered":"https:\/\/elluchador.info\/?p=246623"},"modified":"2024-09-02T18:23:00","modified_gmt":"2024-09-02T22:23:00","slug":"maduro-cuando-toque-entregare-el-mando-a-un-presidente-o-presidenta-chavista","status":"publish","type":"post","link":"https:\/\/elluchador.info\/?p=246623","title":{"rendered":"Maduro: \u00abCuando toque, entregar\u00e9 el mando a un presidente o presidenta chavista\u00bb"},"content":{"rendered":"\n<p>Este lunes, el presidente Nicol\u00e1s Maduro, asegur\u00f3 durante una actividad que, cuando corresponda, entregar\u00e1 el poder a otro l\u00edder del chavismo que contin\u00fae promoviendo las pol\u00edticas impulsadas desde la administraci\u00f3n del expresidente Hugo Ch\u00e1vez.<\/p>\n\n\n\n<p>El jefe de Estado sostuvo que su administraci\u00f3n profundiza el bolivarianismo en el pa\u00eds, por lo que sostuvo que le dar\u00e1 paso a un segundo presidente chavista que represente el \u201clegado\u201d del exmandatario.<\/p>\n\n\n\n<p>Las declaraciones tuvieron lugar durante una jornada que llev\u00f3 por nombre \u00abreuni\u00f3n con las cinco generaciones de la revoluci\u00f3n bolivariana\u00bb.<\/p>\n\n\n\n<p>Con informaci\u00f3n <strong><em><mark style=\"background-color:rgba(0, 0, 0, 0)\" class=\"has-inline-color has-vivid-cyan-blue-color\">El Universal<\/mark><\/em><\/strong><\/p>\n","protected":false},"excerpt":{"rendered":"<p>Este lunes, el presidente Nicol\u00e1s Maduro, asegur\u00f3 durante una actividad que, cuando corresponda, entregar\u00e1 el poder a otro l\u00edder del chavismo que contin\u00fae promoviendo las pol\u00edticas impulsadas desde la administraci\u00f3n del expresidente Hugo Ch\u00e1vez. El jefe de Estado sostuvo que su administraci\u00f3n profundiza el bolivarianismo en el pa\u00eds, por lo que sostuvo que le dar\u00e1 [&hellip;]<\/p>\n","protected":false},"author":33,"featured_media":246624,"comment_status":"closed","ping_status":"closed","sticky":false,"template":"","format":"standard","meta":{"footnotes":""},"categories":[11],"tags":[1009,84],"class_list":{"0":"post-246623","1":"post","2":"type-post","3":"status-publish","4":"format-standard","5":"has-post-thumbnail","7":"category-politica","8":"tag-chavismo","9":"tag-maduro"},"_links":{"self":[{"href":"https:\/\/elluchador.info\/index.php?rest_route=\/wp\/v2\/posts\/246623","targetHints":{"allow":["GET"]}}],"collection":[{"href":"https:\/\/elluchador.info\/index.php?rest_route=\/wp\/v2\/posts"}],"about":[{"href":"https:\/\/elluchador.info\/index.php?rest_route=\/wp\/v2\/types\/post"}],"author":[{"embeddable":true,"href":"https:\/\/elluchador.info\/index.php?rest_route=\/wp\/v2\/users\/33"}],"replies":[{"embeddable":true,"href":"https:\/\/elluchador.info\/index.php?rest_route=%2Fwp%2Fv2%2Fcomments&post=246623"}],"version-history":[{"count":1,"href":"https:\/\/elluchador.info\/index.php?rest_route=\/wp\/v2\/posts\/246623\/revisions"}],"predecessor-version":[{"id":246625,"href":"https:\/\/elluchador.info\/index.php?rest_route=\/wp\/v2\/posts\/246623\/revisions\/246625"}],"wp:featuredmedia":[{"embeddable":true,"href":"https:\/\/elluchador.info\/index.php?rest_route=\/wp\/v2\/media\/246624"}],"wp:attachment":[{"href":"https:\/\/elluchador.info\/index.php?rest_route=%2Fwp%2Fv2%2Fmedia&parent=246623"}],"wp:term":[{"taxonomy":"category","embeddable":true,"href":"https:\/\/elluchador.info\/index.php?rest_route=%2Fwp%2Fv2%2Fcategories&post=246623"},{"taxonomy":"post_tag","embeddable":true,"href":"https:\/\/elluchador.info\/index.php?rest_route=%2Fwp%2Fv2%2Ftags&post=246623"}],"curies":[{"name":"wp","href":"https:\/\/api.w.org\/{rel}","templated":true}]}}