{"id":246626,"date":"2024-09-02T18:29:17","date_gmt":"2024-09-02T22:29:17","guid":{"rendered":"https:\/\/elluchador.info\/?p=246626"},"modified":"2024-09-02T18:29:22","modified_gmt":"2024-09-02T22:29:22","slug":"vokswagen-no-descarta-cerrar-fabricas-en-alemania","status":"publish","type":"post","link":"https:\/\/elluchador.info\/?p=246626","title":{"rendered":"Vokswagen no descarta cerrar f\u00e1bricas en Alemania"},"content":{"rendered":"\n<p>El primer grupo automovil\u00edstico europeo, Volkswagen, anunci\u00f3 este lunes una reestructuraci\u00f3n de su actividad y dijo que no descarta cierres de f\u00e1bricas en Alemania para hacer frente a una \u00absituaci\u00f3n extremadamente tensa\u00bb, seg\u00fan un documento interno al que tuvo acceso AFP este lunes. \u00abAlemania [\u2026] pierde cada vez m\u00e1s terreno en t\u00e9rminos de competitividad\u00bb, se\u00f1ala el documento, que tambi\u00e9n apunta que \u00abno se pueden descartar cierres de f\u00e1bricas en los sitios de producci\u00f3n de veh\u00edculos y de componentes\u00bb.<\/p>\n\n\n\n<p>En esta nota, Oliver Blume, presidente ejecutivo del grupo, considera que Volkswagen \u00abdebe actuar ahora de forma decisiva\u00bb pues \u00abla industria automovil\u00edstica europea se encuentra en una situaci\u00f3n muy exigente y grave\u00bb. Despu\u00e9s de una reuni\u00f3n de la direcci\u00f3n del grupo, los trabajadores han sido informados de que hacen falta \u00abajustes estructurales\u00bb debido a la presi\u00f3n bajo la que se encuentra el fabricante, entre otros motivos, por la baja demanda, seg\u00fan adelantaba la prensa local.<\/p>\n\n\n\n<p>Los mercados acogieron favorablemente la noticia, con la cotizaci\u00f3n de Volkswagen subiendo cerca del 2% este lunes en la Bolsa de Fr\u00e1ncfort, cerrando una subida del 1,5% al final de la sesi\u00f3n. Volkswagen se est\u00e1 viendo perjudicado por una ca\u00edda de las ventas, el debilitamiento del sector del autom\u00f3vil y la creciente competencia de los fabricantes chinos, sobre todo en China, su principal mercado.<\/p>\n\n\n\n<p>Dentro del grupo, de diez marcas, es la emblem\u00e1tica VW la que, desde hace a\u00f1os, se perfila como el eslab\u00f3n m\u00e1s d\u00e9bil. El plan de reestructuraci\u00f3n podr\u00eda afectar particularmente a ella. <\/p>\n\n\n\n<p>El a\u00f1o pasado, VW ya inici\u00f3 un extenso programa para ahorrar dinero. \u00abPero la situaci\u00f3n es extremadamente tensa y no se puede resolver con simples medidas de reducci\u00f3n de costes\u00bb, subraya la direcci\u00f3n de Volkswagen en el documento.<\/p>\n\n\n\n<p>As\u00ed, se habr\u00eda decidido eliminar la garant\u00eda que proteg\u00eda a los trabajadores contra el despido por razones de empresa hasta 2029, ya que los instrumentos como la jubilaci\u00f3n anticipada que se ven\u00edan empleando hasta ahora ya no son suficientes para reducir personal, seg\u00fan inform\u00f3 el semanario &#8216;Spiegel&#8217;. <\/p>\n\n\n\n<p>Por su parte, el sindicato IG Metall denunci\u00f3, en un comunicado, un plan \u00abirresponsable\u00bb que \u00absacude los cimientos de Volkswagen y amenaza masivamente a los empleos y las plantas\u00bb de producci\u00f3n.<\/p>\n\n\n\n<p>Con informaci\u00f3n <strong><em>Dw Espa\u00f1ol<\/em><\/strong><\/p>\n","protected":false},"excerpt":{"rendered":"<p>El primer grupo automovil\u00edstico europeo, Volkswagen, anunci\u00f3 este lunes una reestructuraci\u00f3n de su actividad y dijo que no descarta cierres de f\u00e1bricas en Alemania para hacer frente a una \u00absituaci\u00f3n extremadamente tensa\u00bb, seg\u00fan un documento interno al que tuvo acceso AFP este lunes. \u00abAlemania [\u2026] pierde cada vez m\u00e1s terreno en t\u00e9rminos de competitividad\u00bb, se\u00f1ala [&hellip;]<\/p>\n","protected":false},"author":33,"featured_media":246627,"comment_status":"closed","ping_status":"closed","sticky":false,"template":"","format":"standard","meta":{"footnotes":""},"categories":[8],"tags":[1826,786],"class_list":{"0":"post-246626","1":"post","2":"type-post","3":"status-publish","4":"format-standard","5":"has-post-thumbnail","7":"category-internacionales","8":"tag-alemania","9":"tag-empresas"},"_links":{"self":[{"href":"https:\/\/elluchador.info\/index.php?rest_route=\/wp\/v2\/posts\/246626","targetHints":{"allow":["GET"]}}],"collection":[{"href":"https:\/\/elluchador.info\/index.php?rest_route=\/wp\/v2\/posts"}],"about":[{"href":"https:\/\/elluchador.info\/index.php?rest_route=\/wp\/v2\/types\/post"}],"author":[{"embeddable":true,"href":"https:\/\/elluchador.info\/index.php?rest_route=\/wp\/v2\/users\/33"}],"replies":[{"embeddable":true,"href":"https:\/\/elluchador.info\/index.php?rest_route=%2Fwp%2Fv2%2Fcomments&post=246626"}],"version-history":[{"count":1,"href":"https:\/\/elluchador.info\/index.php?rest_route=\/wp\/v2\/posts\/246626\/revisions"}],"predecessor-version":[{"id":246628,"href":"https:\/\/elluchador.info\/index.php?rest_route=\/wp\/v2\/posts\/246626\/revisions\/246628"}],"wp:featuredmedia":[{"embeddable":true,"href":"https:\/\/elluchador.info\/index.php?rest_route=\/wp\/v2\/media\/246627"}],"wp:attachment":[{"href":"https:\/\/elluchador.info\/index.php?rest_route=%2Fwp%2Fv2%2Fmedia&parent=246626"}],"wp:term":[{"taxonomy":"category","embeddable":true,"href":"https:\/\/elluchador.info\/index.php?rest_route=%2Fwp%2Fv2%2Fcategories&post=246626"},{"taxonomy":"post_tag","embeddable":true,"href":"https:\/\/elluchador.info\/index.php?rest_route=%2Fwp%2Fv2%2Ftags&post=246626"}],"curies":[{"name":"wp","href":"https:\/\/api.w.org\/{rel}","templated":true}]}}