{"id":246633,"date":"2024-09-02T19:40:05","date_gmt":"2024-09-02T23:40:05","guid":{"rendered":"https:\/\/elluchador.info\/?p=246633"},"modified":"2024-09-02T19:40:10","modified_gmt":"2024-09-02T23:40:10","slug":"mp-solicita-orden-de-aprehension-contra-edmundo-gonzalez","status":"publish","type":"post","link":"https:\/\/elluchador.info\/?p=246633","title":{"rendered":"MP solicita orden de aprehensi\u00f3n contra Edmundo Gonz\u00e1lez"},"content":{"rendered":"\n<p>El Ministerio P\u00fablico solicit\u00f3 este lunes que se emita una orden de aprehensi\u00f3n contra<strong>&nbsp;Edmundo Gonz\u00e1lez Urrutia<\/strong>&nbsp;por la presunta comisi\u00f3n de seis delitos.<\/p>\n\n\n\n<p>El Misterio P\u00fablico acusa a&nbsp;<strong>Gonz\u00e1lez Urrutia<\/strong>&nbsp;por los siguientes delitos: usurpaci\u00f3n de funciones, forjamiento de documento p\u00fablico, instigaci\u00f3n a la desobediencia de leyes, conspiraci\u00f3n, sabotaje a da\u00f1os de sistemas y asociaci\u00f3n.<\/p>\n\n\n\n<p>La solicitud de orden de aprehensi\u00f3n de Edmundo Gonz\u00e1lez la hace el Ministerio P\u00fablico ante el juez especial 01 de primera instancia en funciones de control con competencia en casos vinculados con delitos asociados al terrorismo.<\/p>\n\n\n\n<figure class=\"wp-block-image size-large is-resized\"><a href=\"https:\/\/www.instagram.com\/p\/C_bqf7rpakI\/?igsh=MXF0cDF3YWJuNHB2aw==\"><img loading=\"lazy\" decoding=\"async\" width=\"724\" height=\"1024\" src=\"https:\/\/elluchador.info\/wp-content\/uploads\/2024\/09\/Screenshot_20240902-192200-724x1024.jpg\" alt=\"\" class=\"wp-image-246634\" style=\"width:488px;height:auto\" srcset=\"https:\/\/elluchador.info\/wp-content\/uploads\/2024\/09\/Screenshot_20240902-192200-724x1024.jpg 724w, https:\/\/elluchador.info\/wp-content\/uploads\/2024\/09\/Screenshot_20240902-192200-212x300.jpg 212w, https:\/\/elluchador.info\/wp-content\/uploads\/2024\/09\/Screenshot_20240902-192200-768x1087.jpg 768w, https:\/\/elluchador.info\/wp-content\/uploads\/2024\/09\/Screenshot_20240902-192200-150x212.jpg 150w, https:\/\/elluchador.info\/wp-content\/uploads\/2024\/09\/Screenshot_20240902-192200-300x424.jpg 300w, https:\/\/elluchador.info\/wp-content\/uploads\/2024\/09\/Screenshot_20240902-192200-696x985.jpg 696w, https:\/\/elluchador.info\/wp-content\/uploads\/2024\/09\/Screenshot_20240902-192200-1068x1511.jpg 1068w, https:\/\/elluchador.info\/wp-content\/uploads\/2024\/09\/Screenshot_20240902-192200.jpg 1080w\" sizes=\"auto, (max-width: 724px) 100vw, 724px\" \/><\/a><\/figure>\n\n\n\n<p>La solicitud se hace despu\u00e9s de que la Fiscal\u00eda citara a Gonz\u00e1lez Urrutia en tres ocasiones y el opositor decidiera no presentarse, al desconocer en calidad de qu\u00e9 deb\u00eda comparecer y al no reconocer los delitos que el Ministerio P\u00fablico (MP) le atribuye.<\/p>\n\n\n\n<p>Con informaci\u00f3n <strong><em><mark style=\"background-color:rgba(0, 0, 0, 0)\" class=\"has-inline-color has-luminous-vivid-amber-color\">Uni\u00f3n Radio<\/mark><\/em><\/strong> <\/p>\n","protected":false},"excerpt":{"rendered":"<p>El Ministerio P\u00fablico solicit\u00f3 este lunes que se emita una orden de aprehensi\u00f3n contra&nbsp;Edmundo Gonz\u00e1lez Urrutia&nbsp;por la presunta comisi\u00f3n de seis delitos. El Misterio P\u00fablico acusa a&nbsp;Gonz\u00e1lez Urrutia&nbsp;por los siguientes delitos: usurpaci\u00f3n de funciones, forjamiento de documento p\u00fablico, instigaci\u00f3n a la desobediencia de leyes, conspiraci\u00f3n, sabotaje a da\u00f1os de sistemas y asociaci\u00f3n. La solicitud de [&hellip;]<\/p>\n","protected":false},"author":33,"featured_media":246635,"comment_status":"closed","ping_status":"closed","sticky":false,"template":"","format":"standard","meta":{"footnotes":""},"categories":[5,9],"tags":[1899,1645],"class_list":{"0":"post-246633","1":"post","2":"type-post","3":"status-publish","4":"format-standard","5":"has-post-thumbnail","7":"category-destacado","8":"category-nacionales","9":"tag-aprehension","10":"tag-urrieta"},"_links":{"self":[{"href":"https:\/\/elluchador.info\/index.php?rest_route=\/wp\/v2\/posts\/246633","targetHints":{"allow":["GET"]}}],"collection":[{"href":"https:\/\/elluchador.info\/index.php?rest_route=\/wp\/v2\/posts"}],"about":[{"href":"https:\/\/elluchador.info\/index.php?rest_route=\/wp\/v2\/types\/post"}],"author":[{"embeddable":true,"href":"https:\/\/elluchador.info\/index.php?rest_route=\/wp\/v2\/users\/33"}],"replies":[{"embeddable":true,"href":"https:\/\/elluchador.info\/index.php?rest_route=%2Fwp%2Fv2%2Fcomments&post=246633"}],"version-history":[{"count":1,"href":"https:\/\/elluchador.info\/index.php?rest_route=\/wp\/v2\/posts\/246633\/revisions"}],"predecessor-version":[{"id":246636,"href":"https:\/\/elluchador.info\/index.php?rest_route=\/wp\/v2\/posts\/246633\/revisions\/246636"}],"wp:featuredmedia":[{"embeddable":true,"href":"https:\/\/elluchador.info\/index.php?rest_route=\/wp\/v2\/media\/246635"}],"wp:attachment":[{"href":"https:\/\/elluchador.info\/index.php?rest_route=%2Fwp%2Fv2%2Fmedia&parent=246633"}],"wp:term":[{"taxonomy":"category","embeddable":true,"href":"https:\/\/elluchador.info\/index.php?rest_route=%2Fwp%2Fv2%2Fcategories&post=246633"},{"taxonomy":"post_tag","embeddable":true,"href":"https:\/\/elluchador.info\/index.php?rest_route=%2Fwp%2Fv2%2Ftags&post=246633"}],"curies":[{"name":"wp","href":"https:\/\/api.w.org\/{rel}","templated":true}]}}