{"id":246765,"date":"2024-09-04T07:48:58","date_gmt":"2024-09-04T11:48:58","guid":{"rendered":"https:\/\/elluchador.info\/?p=246765"},"modified":"2024-09-04T07:53:52","modified_gmt":"2024-09-04T11:53:52","slug":"fernando-batista-ha-iniciado-una-nueva-eliminatoria","status":"publish","type":"post","link":"https:\/\/elluchador.info\/?p=246765","title":{"rendered":"Fernando Batista: \u00abHa iniciado una nueva eliminatoria\u00bb"},"content":{"rendered":"\n<p>El director t\u00e9cnico de la selecci\u00f3n venezolana de f\u00fatbol Fernando Batista afirm\u00f3 que comenzar\u00e1 una nueva eliminatoria sudamericana rumbo al Mundial 2026 tras los acontecimientos posteriores a la Copa Am\u00e9rica que tuvo lugar el presente a\u00f1o en Estados Unidos.<\/p>\n\n\n\n<p>Batista asegur\u00f3 que la llegada de los nuevos entrenadores y jugadores a los seleccionados ser\u00e1 determinante en la disputa por los cupos a la cita mundialista.<\/p>\n\n\n\n<figure class=\"wp-block-embed is-type-rich is-provider-twitter wp-block-embed-twitter\"><div class=\"wp-block-embed__wrapper\">\n<blockquote class=\"twitter-tweet\" data-width=\"550\" data-dnt=\"true\"><p lang=\"es\" dir=\"ltr\">\ud835\uddd8\ud835\uddfb\ud835\uddf3\ud835\uddfc\ud835\uddf0\ud835\uddee\ud835\uddf1\ud835\uddfc\ud835\ude00 \ud835\uddf2\ud835\uddfb \ud835\uddf2\ud835\uddf9 \ud835\uddfd\ud835\uddff\ud835\uddfc\u0301\ud835\ude05\ud835\uddf6\ud835\uddfa\ud835\uddfc \ud835\uddff\ud835\uddf2\ud835\ude01\ud835\uddfc \ud83d\udc4a\ud83c\udffd<br><br>\ud83d\udcc6 Jueves, la visita a El Alto.<a href=\"https:\/\/twitter.com\/hashtag\/SiempreVinotinto?src=hash&amp;ref_src=twsrc%5Etfw\">#SiempreVinotinto<\/a> \ud83c\uddfb\ud83c\uddea <a href=\"https:\/\/t.co\/Obsca974Md\">pic.twitter.com\/Obsca974Md<\/a><\/p>&mdash; La Vinotinto (@SeleVinotinto) <a href=\"https:\/\/twitter.com\/SeleVinotinto\/status\/1831118982310395916?ref_src=twsrc%5Etfw\">September 3, 2024<\/a><\/blockquote><script async src=\"https:\/\/platform.twitter.com\/widgets.js\" charset=\"utf-8\"><\/script>\n<\/div><\/figure>\n\n\n\n<p>Tambi\u00e9n se\u00f1al\u00f3 la importancia de los pr\u00f3ximos compromisos de la Vinotinto ante Bolivia en el Estadio Municipal de El Alto este jueves 5 de septiembre, y contra Uruguay, el martes 10 de septiembre en el Estadio Monumental de Matur\u00edn.<\/p>\n\n\n\n<p>La \u00abVinotinto\u00bb est\u00e1 concentrada actualmente en Ezeiza, Provincia de Buenos Aires; y est\u00e1 previsto que el mismo jueves viaje a suelo boliviano para enfrentar a la \u00abVerde\u00bb.<\/p>\n\n\n\n<p>Venezuela llega a este compromiso en la cuarta posici\u00f3n de la tabla con 9 unidades, siendo superada por Colombia (12 puntos), Uruguay (13 puntos) y Argentina (15 puntos).<\/p>\n\n\n\n<p>Con informaci\u00f3n <strong><em><mark style=\"background-color:rgba(0, 0, 0, 0)\" class=\"has-inline-color has-luminous-vivid-orange-color\">Uni\u00f3n Radio<\/mark><\/em><\/strong><\/p>\n","protected":false},"excerpt":{"rendered":"<p>El director t\u00e9cnico de la selecci\u00f3n venezolana de f\u00fatbol Fernando Batista afirm\u00f3 que comenzar\u00e1 una nueva eliminatoria sudamericana rumbo al Mundial 2026 tras los acontecimientos posteriores a la Copa Am\u00e9rica que tuvo lugar el presente a\u00f1o en Estados Unidos. Batista asegur\u00f3 que la llegada de los nuevos entrenadores y jugadores a los seleccionados ser\u00e1 determinante [&hellip;]<\/p>\n","protected":false},"author":33,"featured_media":246766,"comment_status":"closed","ping_status":"closed","sticky":false,"template":"","format":"standard","meta":{"footnotes":""},"categories":[4],"tags":[105,895],"class_list":{"0":"post-246765","1":"post","2":"type-post","3":"status-publish","4":"format-standard","5":"has-post-thumbnail","7":"category-deportes","8":"tag-venezuela","9":"tag-vinotinto"},"_links":{"self":[{"href":"https:\/\/elluchador.info\/index.php?rest_route=\/wp\/v2\/posts\/246765","targetHints":{"allow":["GET"]}}],"collection":[{"href":"https:\/\/elluchador.info\/index.php?rest_route=\/wp\/v2\/posts"}],"about":[{"href":"https:\/\/elluchador.info\/index.php?rest_route=\/wp\/v2\/types\/post"}],"author":[{"embeddable":true,"href":"https:\/\/elluchador.info\/index.php?rest_route=\/wp\/v2\/users\/33"}],"replies":[{"embeddable":true,"href":"https:\/\/elluchador.info\/index.php?rest_route=%2Fwp%2Fv2%2Fcomments&post=246765"}],"version-history":[{"count":1,"href":"https:\/\/elluchador.info\/index.php?rest_route=\/wp\/v2\/posts\/246765\/revisions"}],"predecessor-version":[{"id":246767,"href":"https:\/\/elluchador.info\/index.php?rest_route=\/wp\/v2\/posts\/246765\/revisions\/246767"}],"wp:featuredmedia":[{"embeddable":true,"href":"https:\/\/elluchador.info\/index.php?rest_route=\/wp\/v2\/media\/246766"}],"wp:attachment":[{"href":"https:\/\/elluchador.info\/index.php?rest_route=%2Fwp%2Fv2%2Fmedia&parent=246765"}],"wp:term":[{"taxonomy":"category","embeddable":true,"href":"https:\/\/elluchador.info\/index.php?rest_route=%2Fwp%2Fv2%2Fcategories&post=246765"},{"taxonomy":"post_tag","embeddable":true,"href":"https:\/\/elluchador.info\/index.php?rest_route=%2Fwp%2Fv2%2Ftags&post=246765"}],"curies":[{"name":"wp","href":"https:\/\/api.w.org\/{rel}","templated":true}]}}