{"id":246778,"date":"2024-09-04T09:35:00","date_gmt":"2024-09-04T13:35:00","guid":{"rendered":"https:\/\/elluchador.info\/?p=246778"},"modified":"2024-09-04T09:35:04","modified_gmt":"2024-09-04T13:35:04","slug":"gobierno-denuncio-como-acto-de-sabotaje-incendio-en-la-estacion-la-rinconada","status":"publish","type":"post","link":"https:\/\/elluchador.info\/?p=246778","title":{"rendered":"Gobierno denunci\u00f3 como \u00abacto  de sabotaje\u00bb incendio en la estaci\u00f3n La Rinconada"},"content":{"rendered":"\n<p>El Gobierno de Venezuela denunci\u00f3 este martes un \u00abacto de sabotaje\u00bb que provoc\u00f3 un incendio en una estaci\u00f3n de tren en el sur de Caracas, afectando \u00abal servicio\u00bb de transporte ferroviario, y asegur\u00f3 que ya fue \u00abcontrolado\u00bb por bomberos de la capital.<\/p>\n\n\n\n<p>El ministro de Transporte, Ram\u00f3n Vel\u00e1squez, explic\u00f3 que el incendio se registr\u00f3 a las 18:38 hora local (22:38 GMT) en \u00abel cuarto de electricidad\u00bb de la estaci\u00f3n de Caracas del llamado Sistema Ferroviario Ezequiel Zamora, que conecta la capital con algunas zonas del estado Miranda (norte), el cual fue \u00abcontrolado en tiempo r\u00e9cord\u00bb.<\/p>\n\n\n\n<p>En un contacto telef\u00f3nico con el canal estatal VTV, el funcionario, quien afirm\u00f3 que el servicio est\u00e1 \u00abcompletamente normalizado\u00bb, adelant\u00f3 que aportar\u00e1n \u00abevidencias a los \u00f3rganos de seguridad del Estado para dar con los responsables\u00bb.<\/p>\n\n\n\n<p>En este sentido, dijo que cuentan con \u00abregistro fotogr\u00e1fico\u00bb y \u00abfilmaciones\u00bb -de lo que no ofreci\u00f3 detalles- para una \u00abinvestigaci\u00f3n precisa\u00bb de estos hechos que buscan \u00abafectar la tranquilidad del pueblo\u00bb venezolano.<\/p>\n\n\n\n<p>\u00abNo es la manera de hacer pol\u00edtica, son mecanismos que irrumpen (con) lo que es la tranquilidad de un pueblo (\u2026) que est\u00e1 claro de cu\u00e1l es el rumbo que debemos tener. (\u2026) Vamos a seguir avanzando para evitar que la extrema derecha afecte la tranquilidad\u00bb, agreg\u00f3.<\/p>\n\n\n\n<p>Con informaci\u00f3n <strong><em><mark style=\"background-color:rgba(0, 0, 0, 0)\" class=\"has-inline-color has-luminous-vivid-amber-color\">Uni\u00f3n Radio<\/mark><\/em><\/strong><\/p>\n","protected":false},"excerpt":{"rendered":"<p>El Gobierno de Venezuela denunci\u00f3 este martes un \u00abacto de sabotaje\u00bb que provoc\u00f3 un incendio en una estaci\u00f3n de tren en el sur de Caracas, afectando \u00abal servicio\u00bb de transporte ferroviario, y asegur\u00f3 que ya fue \u00abcontrolado\u00bb por bomberos de la capital. El ministro de Transporte, Ram\u00f3n Vel\u00e1squez, explic\u00f3 que el incendio se registr\u00f3 a [&hellip;]<\/p>\n","protected":false},"author":33,"featured_media":246779,"comment_status":"closed","ping_status":"closed","sticky":false,"template":"","format":"standard","meta":{"footnotes":""},"categories":[9],"tags":[614,1506,1905,105],"class_list":{"0":"post-246778","1":"post","2":"type-post","3":"status-publish","4":"format-standard","5":"has-post-thumbnail","7":"category-nacionales","8":"tag-caracas","9":"tag-incendios","10":"tag-sabotaje","11":"tag-venezuela"},"_links":{"self":[{"href":"https:\/\/elluchador.info\/index.php?rest_route=\/wp\/v2\/posts\/246778","targetHints":{"allow":["GET"]}}],"collection":[{"href":"https:\/\/elluchador.info\/index.php?rest_route=\/wp\/v2\/posts"}],"about":[{"href":"https:\/\/elluchador.info\/index.php?rest_route=\/wp\/v2\/types\/post"}],"author":[{"embeddable":true,"href":"https:\/\/elluchador.info\/index.php?rest_route=\/wp\/v2\/users\/33"}],"replies":[{"embeddable":true,"href":"https:\/\/elluchador.info\/index.php?rest_route=%2Fwp%2Fv2%2Fcomments&post=246778"}],"version-history":[{"count":1,"href":"https:\/\/elluchador.info\/index.php?rest_route=\/wp\/v2\/posts\/246778\/revisions"}],"predecessor-version":[{"id":246780,"href":"https:\/\/elluchador.info\/index.php?rest_route=\/wp\/v2\/posts\/246778\/revisions\/246780"}],"wp:featuredmedia":[{"embeddable":true,"href":"https:\/\/elluchador.info\/index.php?rest_route=\/wp\/v2\/media\/246779"}],"wp:attachment":[{"href":"https:\/\/elluchador.info\/index.php?rest_route=%2Fwp%2Fv2%2Fmedia&parent=246778"}],"wp:term":[{"taxonomy":"category","embeddable":true,"href":"https:\/\/elluchador.info\/index.php?rest_route=%2Fwp%2Fv2%2Fcategories&post=246778"},{"taxonomy":"post_tag","embeddable":true,"href":"https:\/\/elluchador.info\/index.php?rest_route=%2Fwp%2Fv2%2Ftags&post=246778"}],"curies":[{"name":"wp","href":"https:\/\/api.w.org\/{rel}","templated":true}]}}