{"id":246785,"date":"2024-09-04T09:55:50","date_gmt":"2024-09-04T13:55:50","guid":{"rendered":"https:\/\/elluchador.info\/?p=246785"},"modified":"2024-09-04T09:55:55","modified_gmt":"2024-09-04T13:55:55","slug":"tito-oviedo-dio-inicio-a-trabajos-de-rehabilitacion-de-cancha-en-la-unidad","status":"publish","type":"post","link":"https:\/\/elluchador.info\/?p=246785","title":{"rendered":"Tito Oviedo dio inicio a trabajos de rehabilitaci\u00f3n de cancha en La Unidad"},"content":{"rendered":"\n<p>El alcalde de Caron\u00ed, Tito Oviedo, contin\u00faa la recuperaci\u00f3n y mejoras de espacios deportivos en las comunidades de este municipio como una pol\u00edtica que busca fortalecer el reencuentro de los vecinos en sana paz, mediante el deporte, la cultura y la recreaci\u00f3n.<\/p>\n\n\n\n<p>Este martes, Oviedo visit\u00f3 La Unidad donde dio inicio a los trabajos de recuperaci\u00f3n de la cancha del sector.<br>\u00abVa a quedar preciosa, como nueva. Esta cancha va a tener una intervenci\u00f3n general, va a tener gradas, ba\u00f1os, como lo pidi\u00f3 est\u00e1 comunidad en su Agenda Concreta de Acci\u00f3n\u00bb, se\u00f1al\u00f3.<\/p>\n\n\n\n<p>El proyecto contempla nueva cerca cicl\u00f3n, rehabilitaci\u00f3n integral de toda su infraestructura, construcci\u00f3n de gradas y ba\u00f1os; adem\u00e1s, la instalaci\u00f3n de un transformador con la acometida el\u00e9ctrica totalmente nueva y un sistema de iluminaci\u00f3n LED.<\/p>\n\n\n\n<figure class=\"wp-block-gallery has-nested-images columns-default is-cropped wp-block-gallery-1 is-layout-flex wp-block-gallery-is-layout-flex\">\n<figure class=\"wp-block-image size-large\"><img loading=\"lazy\" decoding=\"async\" width=\"768\" height=\"1024\" data-id=\"246786\" src=\"https:\/\/elluchador.info\/wp-content\/uploads\/2024\/09\/IMG-20240903-WA0018-768x1024.jpg\" alt=\"\" class=\"wp-image-246786\" srcset=\"https:\/\/elluchador.info\/wp-content\/uploads\/2024\/09\/IMG-20240903-WA0018-768x1024.jpg 768w, https:\/\/elluchador.info\/wp-content\/uploads\/2024\/09\/IMG-20240903-WA0018-225x300.jpg 225w, https:\/\/elluchador.info\/wp-content\/uploads\/2024\/09\/IMG-20240903-WA0018-150x200.jpg 150w, https:\/\/elluchador.info\/wp-content\/uploads\/2024\/09\/IMG-20240903-WA0018-300x400.jpg 300w, https:\/\/elluchador.info\/wp-content\/uploads\/2024\/09\/IMG-20240903-WA0018-696x928.jpg 696w, https:\/\/elluchador.info\/wp-content\/uploads\/2024\/09\/IMG-20240903-WA0018.jpg 960w\" sizes=\"auto, (max-width: 768px) 100vw, 768px\" \/><\/figure>\n\n\n\n<figure class=\"wp-block-image size-large\"><img loading=\"lazy\" decoding=\"async\" width=\"768\" height=\"1024\" data-id=\"246787\" src=\"https:\/\/elluchador.info\/wp-content\/uploads\/2024\/09\/IMG-20240903-WA0019-768x1024.jpg\" alt=\"\" class=\"wp-image-246787\" srcset=\"https:\/\/elluchador.info\/wp-content\/uploads\/2024\/09\/IMG-20240903-WA0019-768x1024.jpg 768w, https:\/\/elluchador.info\/wp-content\/uploads\/2024\/09\/IMG-20240903-WA0019-225x300.jpg 225w, https:\/\/elluchador.info\/wp-content\/uploads\/2024\/09\/IMG-20240903-WA0019-150x200.jpg 150w, https:\/\/elluchador.info\/wp-content\/uploads\/2024\/09\/IMG-20240903-WA0019-300x400.jpg 300w, https:\/\/elluchador.info\/wp-content\/uploads\/2024\/09\/IMG-20240903-WA0019-696x928.jpg 696w, https:\/\/elluchador.info\/wp-content\/uploads\/2024\/09\/IMG-20240903-WA0019.jpg 960w\" sizes=\"auto, (max-width: 768px) 100vw, 768px\" \/><\/figure>\n<\/figure>\n\n\n\n<p>En complemento, se incorporar\u00e1 un parque infantil y un gimnasio a cielo abierto, con su acera perimetral.<br>As\u00ed como la cancha La Unidad, el alcalde pronto entregar\u00e1 la cancha de Los Alacranes totalmente rehabilitada.<\/p>\n\n\n\n<p>Recientemente inaugur\u00f3 la cancha In\u00e9s Romero en la UD 129 de la parroquia Vista Al Sol, as\u00ed como la cancha Canaima en la parroquia Sim\u00f3n Bol\u00edvar.<\/p>\n\n\n\n<p>Las canchas \u00abDar\u00edo Vivas\u00bb, en el sector El Rinconcito de la misma parroquia Sim\u00f3n Bol\u00edvar; \u00abDennis Mart\u00ednez\u00bb en el Km 17 de Pozo Verde; cancha de la Plaza de la Juventud en Vista Al Sol, \u00abPalo Grande\u00bb en la parroquia Yocoima, y \u00abVilla Aponwao\u00bb en la parroquia Universidad, se cuentan entre las infraestructuras deportivas recuperadas en el coraz\u00f3n de las comunidades.<\/p>\n\n\n\n<p><strong><em><mark style=\"background-color:rgba(0, 0, 0, 0)\" class=\"has-inline-color has-vivid-green-cyan-color\">Prensa Alcald\u00eda de Caron\u00ed<\/mark><\/em><\/strong><\/p>\n","protected":false},"excerpt":{"rendered":"<p>El alcalde de Caron\u00ed, Tito Oviedo, contin\u00faa la recuperaci\u00f3n y mejoras de espacios deportivos en las comunidades de este municipio como una pol\u00edtica que busca fortalecer el reencuentro de los vecinos en sana paz, mediante el deporte, la cultura y la recreaci\u00f3n. Este martes, Oviedo visit\u00f3 La Unidad donde dio inicio a los trabajos de [&hellip;]<\/p>\n","protected":false},"author":33,"featured_media":246788,"comment_status":"closed","ping_status":"closed","sticky":false,"template":"","format":"standard","meta":{"footnotes":""},"categories":[12],"tags":[1907,379,1178,1906],"class_list":{"0":"post-246785","1":"post","2":"type-post","3":"status-publish","4":"format-standard","5":"has-post-thumbnail","7":"category-regionales","8":"tag-canchas","9":"tag-caroni","10":"tag-ciudad-guayana","11":"tag-proyectos"},"_links":{"self":[{"href":"https:\/\/elluchador.info\/index.php?rest_route=\/wp\/v2\/posts\/246785","targetHints":{"allow":["GET"]}}],"collection":[{"href":"https:\/\/elluchador.info\/index.php?rest_route=\/wp\/v2\/posts"}],"about":[{"href":"https:\/\/elluchador.info\/index.php?rest_route=\/wp\/v2\/types\/post"}],"author":[{"embeddable":true,"href":"https:\/\/elluchador.info\/index.php?rest_route=\/wp\/v2\/users\/33"}],"replies":[{"embeddable":true,"href":"https:\/\/elluchador.info\/index.php?rest_route=%2Fwp%2Fv2%2Fcomments&post=246785"}],"version-history":[{"count":1,"href":"https:\/\/elluchador.info\/index.php?rest_route=\/wp\/v2\/posts\/246785\/revisions"}],"predecessor-version":[{"id":246789,"href":"https:\/\/elluchador.info\/index.php?rest_route=\/wp\/v2\/posts\/246785\/revisions\/246789"}],"wp:featuredmedia":[{"embeddable":true,"href":"https:\/\/elluchador.info\/index.php?rest_route=\/wp\/v2\/media\/246788"}],"wp:attachment":[{"href":"https:\/\/elluchador.info\/index.php?rest_route=%2Fwp%2Fv2%2Fmedia&parent=246785"}],"wp:term":[{"taxonomy":"category","embeddable":true,"href":"https:\/\/elluchador.info\/index.php?rest_route=%2Fwp%2Fv2%2Fcategories&post=246785"},{"taxonomy":"post_tag","embeddable":true,"href":"https:\/\/elluchador.info\/index.php?rest_route=%2Fwp%2Fv2%2Ftags&post=246785"}],"curies":[{"name":"wp","href":"https:\/\/api.w.org\/{rel}","templated":true}]}}