{"id":246796,"date":"2024-09-04T12:32:03","date_gmt":"2024-09-04T16:32:03","guid":{"rendered":"https:\/\/elluchador.info\/?p=246796"},"modified":"2024-09-04T12:32:07","modified_gmt":"2024-09-04T16:32:07","slug":"avesa-el-60-de-las-embarazadas-en-el-pais-son-adolescentes","status":"publish","type":"post","link":"https:\/\/elluchador.info\/?p=246796","title":{"rendered":"Avesa: El 60 % de las embarazadas en el pa\u00eds son adolescentes"},"content":{"rendered":"\n<p>Las cifras m\u00e1s altas de embarazo adolescente en la regi\u00f3n latinoamericana pertenecen a Venezuela, asegur\u00f3 este mi\u00e9rcoles la psic\u00f3loga Magdymar Le\u00f3n Torrealba, coordinadora general de la Asociaci\u00f3n Venezolana para una Educaci\u00f3n Sexual Alternativa (Avesa).<\/p>\n\n\n\n<p>La psic\u00f3loga, quien coordina el proyecto Por Nosotras de la asociaci\u00f3n civil, revel\u00f3 en el programa A tiempo, de Uni\u00f3n Radio, que 60 % del total de embarazadas venezolanas son j\u00f3venes entre 12 y 18 a\u00f1os.<\/p>\n\n\n\n<p>\u00abLas tasas m\u00e1s altas se ubican en zonas m\u00e1s empobrecidas, ya sea en urbanas o rurales\/ind\u00edgenas\u00bb, dijo.<\/p>\n\n\n\n<p>Seg\u00fan la experta, para disminuir estas cifras es importante: la atenci\u00f3n en educaci\u00f3n sexual integral, \u00abno solo para las chicas, sino para chicos\u00bb; priorizar el acceso a m\u00e9todos anticonceptivos; y una revisi\u00f3n a la ausencia de servicios de atenci\u00f3n en salud sexual en todo el pa\u00eds.<\/p>\n\n\n\n<p>Con informaci\u00f3n de <strong><em><mark style=\"background-color:rgba(0, 0, 0, 0)\" class=\"has-inline-color has-luminous-vivid-amber-color\">Uni\u00f3n Radio<\/mark><\/em><\/strong><\/p>\n","protected":false},"excerpt":{"rendered":"<p>Las cifras m\u00e1s altas de embarazo adolescente en la regi\u00f3n latinoamericana pertenecen a Venezuela, asegur\u00f3 este mi\u00e9rcoles la psic\u00f3loga Magdymar Le\u00f3n Torrealba, coordinadora general de la Asociaci\u00f3n Venezolana para una Educaci\u00f3n Sexual Alternativa (Avesa). La psic\u00f3loga, quien coordina el proyecto Por Nosotras de la asociaci\u00f3n civil, revel\u00f3 en el programa A tiempo, de Uni\u00f3n Radio, [&hellip;]<\/p>\n","protected":false},"author":33,"featured_media":246811,"comment_status":"closed","ping_status":"closed","sticky":false,"template":"","format":"standard","meta":{"footnotes":""},"categories":[9],"tags":[1910,1909],"class_list":{"0":"post-246796","1":"post","2":"type-post","3":"status-publish","4":"format-standard","5":"has-post-thumbnail","7":"category-nacionales","8":"tag-adolescentes","9":"tag-embarazos"},"_links":{"self":[{"href":"https:\/\/elluchador.info\/index.php?rest_route=\/wp\/v2\/posts\/246796","targetHints":{"allow":["GET"]}}],"collection":[{"href":"https:\/\/elluchador.info\/index.php?rest_route=\/wp\/v2\/posts"}],"about":[{"href":"https:\/\/elluchador.info\/index.php?rest_route=\/wp\/v2\/types\/post"}],"author":[{"embeddable":true,"href":"https:\/\/elluchador.info\/index.php?rest_route=\/wp\/v2\/users\/33"}],"replies":[{"embeddable":true,"href":"https:\/\/elluchador.info\/index.php?rest_route=%2Fwp%2Fv2%2Fcomments&post=246796"}],"version-history":[{"count":1,"href":"https:\/\/elluchador.info\/index.php?rest_route=\/wp\/v2\/posts\/246796\/revisions"}],"predecessor-version":[{"id":246803,"href":"https:\/\/elluchador.info\/index.php?rest_route=\/wp\/v2\/posts\/246796\/revisions\/246803"}],"wp:featuredmedia":[{"embeddable":true,"href":"https:\/\/elluchador.info\/index.php?rest_route=\/wp\/v2\/media\/246811"}],"wp:attachment":[{"href":"https:\/\/elluchador.info\/index.php?rest_route=%2Fwp%2Fv2%2Fmedia&parent=246796"}],"wp:term":[{"taxonomy":"category","embeddable":true,"href":"https:\/\/elluchador.info\/index.php?rest_route=%2Fwp%2Fv2%2Fcategories&post=246796"},{"taxonomy":"post_tag","embeddable":true,"href":"https:\/\/elluchador.info\/index.php?rest_route=%2Fwp%2Fv2%2Ftags&post=246796"}],"curies":[{"name":"wp","href":"https:\/\/api.w.org\/{rel}","templated":true}]}}