{"id":247023,"date":"2024-09-05T16:58:00","date_gmt":"2024-09-05T20:58:00","guid":{"rendered":"https:\/\/elluchador.info\/?p=247023"},"modified":"2024-09-05T15:39:28","modified_gmt":"2024-09-05T19:39:28","slug":"plan-de-siembra-de-caraota-busca-producir-y-distribuir-el-rubro-en-el-pais","status":"publish","type":"post","link":"https:\/\/elluchador.info\/?p=247023","title":{"rendered":"Plan de Siembra de Caraota busca producir y distribuir el rubro en el pa\u00eds"},"content":{"rendered":"\n<p>El Ministerio del Poder Popular para la Agricultura Productiva y Tierras, se propone reimpulsar la siembra de caraotas en el pa\u00eds.<\/p>\n\n\n\n<p>As\u00ed lo se\u00f1al\u00f3 el titular de la cartera agr\u00edcola, G\/D Menry Fern\u00e1ndez, el mi\u00e9rcoles, seg\u00fan su cuenta Instagram.<\/p>\n\n\n\n<p>En este sentido, surante un encuentro de trabajo con el Estado Mayor de la Milicia Bolivariana, Fern\u00e1ndez apunt\u00f3 que el plan contempla la siembra de unas 52.420 hect\u00e1reas de esta leguminosa.<\/p>\n\n\n\n<p>\u201cEstamos trabajando en esto, ya tenemos el plan\u201d, afirm\u00f3, al comentar que el objetivo del Plan de Siembra de Caraota es producir el rubro y distribuirlo a nivel nacional, as\u00ed como incluirlas tambi\u00e9n en las bolsas de Los Comit\u00e9s Locales de Abastecimiento y Producci\u00f3n (CLAP).<\/p>\n\n\n\n<p>La iniciativa tiene como objetivo garantizar el acceso de la poblaci\u00f3n a alimentos de primera necesidad, fortaleciendo as\u00ed la seguridad alimentaria en el pa\u00eds con la inclusi\u00f3n de este rubro en los CLAP, de acuerdo a las orientaciones ofrecidas por el presidente Nicol\u00e1s Maduro en el marco de las 7T de la nueva etapa.<\/p>\n\n\n\n<p><em>Con informaci\u00f3n de \u00daN.<\/em><\/p>\n","protected":false},"excerpt":{"rendered":"<p>El Ministerio del Poder Popular para la Agricultura Productiva y Tierras, se propone reimpulsar la siembra de caraotas en el pa\u00eds. As\u00ed lo se\u00f1al\u00f3 el titular de la cartera agr\u00edcola, G\/D Menry Fern\u00e1ndez, el mi\u00e9rcoles, seg\u00fan su cuenta Instagram. En este sentido, surante un encuentro de trabajo con el Estado Mayor de la Milicia Bolivariana, [&hellip;]<\/p>\n","protected":false},"author":2,"featured_media":247024,"comment_status":"closed","ping_status":"closed","sticky":false,"template":"","format":"standard","meta":{"footnotes":""},"categories":[5,9],"tags":[],"class_list":{"0":"post-247023","1":"post","2":"type-post","3":"status-publish","4":"format-standard","5":"has-post-thumbnail","7":"category-destacado","8":"category-nacionales"},"_links":{"self":[{"href":"https:\/\/elluchador.info\/index.php?rest_route=\/wp\/v2\/posts\/247023","targetHints":{"allow":["GET"]}}],"collection":[{"href":"https:\/\/elluchador.info\/index.php?rest_route=\/wp\/v2\/posts"}],"about":[{"href":"https:\/\/elluchador.info\/index.php?rest_route=\/wp\/v2\/types\/post"}],"author":[{"embeddable":true,"href":"https:\/\/elluchador.info\/index.php?rest_route=\/wp\/v2\/users\/2"}],"replies":[{"embeddable":true,"href":"https:\/\/elluchador.info\/index.php?rest_route=%2Fwp%2Fv2%2Fcomments&post=247023"}],"version-history":[{"count":1,"href":"https:\/\/elluchador.info\/index.php?rest_route=\/wp\/v2\/posts\/247023\/revisions"}],"predecessor-version":[{"id":247025,"href":"https:\/\/elluchador.info\/index.php?rest_route=\/wp\/v2\/posts\/247023\/revisions\/247025"}],"wp:featuredmedia":[{"embeddable":true,"href":"https:\/\/elluchador.info\/index.php?rest_route=\/wp\/v2\/media\/247024"}],"wp:attachment":[{"href":"https:\/\/elluchador.info\/index.php?rest_route=%2Fwp%2Fv2%2Fmedia&parent=247023"}],"wp:term":[{"taxonomy":"category","embeddable":true,"href":"https:\/\/elluchador.info\/index.php?rest_route=%2Fwp%2Fv2%2Fcategories&post=247023"},{"taxonomy":"post_tag","embeddable":true,"href":"https:\/\/elluchador.info\/index.php?rest_route=%2Fwp%2Fv2%2Ftags&post=247023"}],"curies":[{"name":"wp","href":"https:\/\/api.w.org\/{rel}","templated":true}]}}