{"id":247061,"date":"2024-09-06T07:58:00","date_gmt":"2024-09-06T11:58:00","guid":{"rendered":"https:\/\/elluchador.info\/?p=247061"},"modified":"2024-09-05T23:23:31","modified_gmt":"2024-09-06T03:23:31","slug":"maduro-comercio-entre-colombia-y-venezuela-ha-crecido-56-este-ano","status":"publish","type":"post","link":"https:\/\/elluchador.info\/?p=247061","title":{"rendered":"Maduro: Comercio entre Colombia y Venezuela ha crecido 56% este a\u00f1o"},"content":{"rendered":"\n<p>El presidente, Nicol\u00e1s Maduro, inform\u00f3 que el comercio binacional entre Colombia y Venezuela alcanza el 56% en lo que va de 2024.<\/p>\n\n\n\n<p>Durante el 2do Intercambio Binacional Tur\u00edstico, el Jefe de Estado, asegur\u00f3 que, a dos a\u00f1os de haberse restablecido las relaciones entre los dos pa\u00edses, el intercambio comercial se ha ido recuperando.<\/p>\n\n\n\n<p>Record\u00f3 que, en tiempos de la presidencia de \u00c1lvaro Uribe V\u00e9lez en Colombia, el intercambio lleg\u00f3 a los $10.000 millones, pero que luego \u00abvinieron las confrontaciones\u00ab, y el intercambio lleg\u00f3 a ser de $200 millones.<\/p>\n\n\n\n<p>\u00abAl finalizar el a\u00f1o pasaremos la cifra de los mil millones de d\u00f3lares en el comercio. Eso va a seguir creciendo y estoy seguro que en 2025 lo llevaremos a dos mil millones\u00bb, augur\u00f3 el mandatario.<\/p>\n\n\n\n<p>Inform\u00f3 adem\u00e1s que se est\u00e1 trabajando con la CAF para negociar y firmar condiciones especiales para desarrollar un proyecto para construir corredores tur\u00edsticos binacionales.<\/p>\n\n\n\n<p>En el mismo evento, la vicepresidenta Delcy Rodr\u00edguez indic\u00f3 que el motor turismo ha tenido un crecimiento de 25% y es gracias a la reanudaci\u00f3n de las relaciones con Colombia.<\/p>\n\n\n\n<p>Con informaci\u00f3n de agencias<\/p>\n","protected":false},"excerpt":{"rendered":"<p>El presidente, Nicol\u00e1s Maduro, inform\u00f3 que el comercio binacional entre Colombia y Venezuela alcanza el 56% en lo que va de 2024. Durante el 2do Intercambio Binacional Tur\u00edstico, el Jefe de Estado, asegur\u00f3 que, a dos a\u00f1os de haberse restablecido las relaciones entre los dos pa\u00edses, el intercambio comercial se ha ido recuperando. Record\u00f3 que, [&hellip;]<\/p>\n","protected":false},"author":38,"featured_media":247062,"comment_status":"closed","ping_status":"closed","sticky":false,"template":"","format":"standard","meta":{"footnotes":""},"categories":[6],"tags":[105],"class_list":{"0":"post-247061","1":"post","2":"type-post","3":"status-publish","4":"format-standard","5":"has-post-thumbnail","7":"category-economia","8":"tag-venezuela"},"_links":{"self":[{"href":"https:\/\/elluchador.info\/index.php?rest_route=\/wp\/v2\/posts\/247061","targetHints":{"allow":["GET"]}}],"collection":[{"href":"https:\/\/elluchador.info\/index.php?rest_route=\/wp\/v2\/posts"}],"about":[{"href":"https:\/\/elluchador.info\/index.php?rest_route=\/wp\/v2\/types\/post"}],"author":[{"embeddable":true,"href":"https:\/\/elluchador.info\/index.php?rest_route=\/wp\/v2\/users\/38"}],"replies":[{"embeddable":true,"href":"https:\/\/elluchador.info\/index.php?rest_route=%2Fwp%2Fv2%2Fcomments&post=247061"}],"version-history":[{"count":1,"href":"https:\/\/elluchador.info\/index.php?rest_route=\/wp\/v2\/posts\/247061\/revisions"}],"predecessor-version":[{"id":247063,"href":"https:\/\/elluchador.info\/index.php?rest_route=\/wp\/v2\/posts\/247061\/revisions\/247063"}],"wp:featuredmedia":[{"embeddable":true,"href":"https:\/\/elluchador.info\/index.php?rest_route=\/wp\/v2\/media\/247062"}],"wp:attachment":[{"href":"https:\/\/elluchador.info\/index.php?rest_route=%2Fwp%2Fv2%2Fmedia&parent=247061"}],"wp:term":[{"taxonomy":"category","embeddable":true,"href":"https:\/\/elluchador.info\/index.php?rest_route=%2Fwp%2Fv2%2Fcategories&post=247061"},{"taxonomy":"post_tag","embeddable":true,"href":"https:\/\/elluchador.info\/index.php?rest_route=%2Fwp%2Fv2%2Ftags&post=247061"}],"curies":[{"name":"wp","href":"https:\/\/api.w.org\/{rel}","templated":true}]}}