{"id":247188,"date":"2024-09-06T16:38:00","date_gmt":"2024-09-06T20:38:00","guid":{"rendered":"https:\/\/elluchador.info\/?p=247188"},"modified":"2024-09-06T16:26:48","modified_gmt":"2024-09-06T20:26:48","slug":"tarek-william-saab-ningun-nino-ha-sido-detenido-por-el-estado-venezolano","status":"publish","type":"post","link":"https:\/\/elluchador.info\/?p=247188","title":{"rendered":"Tarek William Saab: Ning\u00fan ni\u00f1o ha sido detenido por el Estado venezolano"},"content":{"rendered":"\n<p>El fiscal general de la Rep\u00fablica, Tarek William Saab, puntualiz\u00f3 que los menores de edad detenidos por haber participado en la violencia post electoral tienen una edad comprendida entre 16 y 17 a\u00f1os, por lo cual es falso que se encuentren en las c\u00e1rceles venezolanas ni\u00f1os y pre adolescentes, tal como pretende hacer creer sectores extremistas de la oposici\u00f3n.<\/p>\n\n\n\n<p>La afirmaci\u00f3n fue suministrada por Saab durante la entrevista conducida por Miguel P\u00e9rez Pirela, en el programa de &nbsp;\u201cDesde donde sea\u201d&nbsp;, transmitido por La Iguana TV.<\/p>\n\n\n\n<p>El titular de la acci\u00f3n penal, precis\u00f3 que la legislaci\u00f3n venezolana estipula que para que alguien sea considerado ni\u00f1o debe estar en el rango de edad comprendido entre reci\u00e9n nacido hasta los 10 a\u00f1os.<\/p>\n\n\n\n<p>\u201cEn Venezuela no son imputables ni\u00f1os vinculados a delitos de cualquier acci\u00f3n, tampoco los pre-adolescentes, los que tienen entre 11 y 13 a\u00f1os. Entonces qui\u00e9nes han sido detenidos siendo menores de edad, los que tienen 16 y 17 a\u00f1os que han confesado que les pagaron, que los enga\u00f1aron, que les dieron incluso unas motos para que como motoristas hicieran ruido en los centros que estaban siendo atacados\u201d, expres\u00f3.<\/p>\n\n\n\n<p>Saab reflexion\u00f3 en torno al hecho de que los menores de edad, como en cualquier parte del mundo, no pueden ejercer el voto. \u201cC\u00f3mo es posible que si un menor de edad no tiene derecho al voto, vaya a ir a protestar por unos resultados electorales que no le convencieron, cuando \u00e9l ni siquiera tiene derecho a votar, esto de verdad es algo repugnante\u201d, acot\u00f3.<\/p>\n\n\n\n<p>Reiter\u00f3 que el 60 por ciento de los detenidos, incluso mayores edad, ni siquiera estaban inscritos en el Consejo Nacional Electoral (CNE), y confesaron haber recibido dinero para realizar actos vand\u00e1licos y provocar todo tipo de violencia.<\/p>\n\n\n\n<p>Tambi\u00e9n record\u00f3 que desde que empezaron las mal llamadas \u201cguarimbas\u201d, la oposici\u00f3n extremista ha estado utilizando menores de edad, lo cual resulta inexcusable desde todo punto de vista.<\/p>\n\n\n\n<p>Adem\u00e1s, el fiscal se refiri\u00f3 a las libertades otorgadas, advirtiendo que el Estado es el responsable de la libertad y revisi\u00f3n de medidas de los detenidos. \u201cNo son las ONG mercenarias que, para justificar los miles de d\u00f3lares que les da la USAID (\u2026) sabanean afuera de las c\u00e1rceles, afuera de los tribunales\u201d, denunci\u00f3.<\/p>\n\n\n\n<p>Relat\u00f3 que incluso las ONG est\u00e1n entregando un formato a los familiares para hacerles creer que son quienes logran la libertad de los detenidos y de esta manera proceder a justificar los pagos que les hacen desde el exterior.<\/p>\n\n\n\n<p><strong><em>Con informaci\u00f3n de \u00daN.<\/em><\/strong><\/p>\n","protected":false},"excerpt":{"rendered":"<p>El fiscal general de la Rep\u00fablica, Tarek William Saab, puntualiz\u00f3 que los menores de edad detenidos por haber participado en la violencia post electoral tienen una edad comprendida entre 16 y 17 a\u00f1os, por lo cual es falso que se encuentren en las c\u00e1rceles venezolanas ni\u00f1os y pre adolescentes, tal como pretende hacer creer sectores [&hellip;]<\/p>\n","protected":false},"author":2,"featured_media":247189,"comment_status":"closed","ping_status":"closed","sticky":false,"template":"","format":"standard","meta":{"footnotes":""},"categories":[13],"tags":[],"class_list":{"0":"post-247188","1":"post","2":"type-post","3":"status-publish","4":"format-standard","5":"has-post-thumbnail","7":"category-sucesos"},"_links":{"self":[{"href":"https:\/\/elluchador.info\/index.php?rest_route=\/wp\/v2\/posts\/247188","targetHints":{"allow":["GET"]}}],"collection":[{"href":"https:\/\/elluchador.info\/index.php?rest_route=\/wp\/v2\/posts"}],"about":[{"href":"https:\/\/elluchador.info\/index.php?rest_route=\/wp\/v2\/types\/post"}],"author":[{"embeddable":true,"href":"https:\/\/elluchador.info\/index.php?rest_route=\/wp\/v2\/users\/2"}],"replies":[{"embeddable":true,"href":"https:\/\/elluchador.info\/index.php?rest_route=%2Fwp%2Fv2%2Fcomments&post=247188"}],"version-history":[{"count":1,"href":"https:\/\/elluchador.info\/index.php?rest_route=\/wp\/v2\/posts\/247188\/revisions"}],"predecessor-version":[{"id":247190,"href":"https:\/\/elluchador.info\/index.php?rest_route=\/wp\/v2\/posts\/247188\/revisions\/247190"}],"wp:featuredmedia":[{"embeddable":true,"href":"https:\/\/elluchador.info\/index.php?rest_route=\/wp\/v2\/media\/247189"}],"wp:attachment":[{"href":"https:\/\/elluchador.info\/index.php?rest_route=%2Fwp%2Fv2%2Fmedia&parent=247188"}],"wp:term":[{"taxonomy":"category","embeddable":true,"href":"https:\/\/elluchador.info\/index.php?rest_route=%2Fwp%2Fv2%2Fcategories&post=247188"},{"taxonomy":"post_tag","embeddable":true,"href":"https:\/\/elluchador.info\/index.php?rest_route=%2Fwp%2Fv2%2Ftags&post=247188"}],"curies":[{"name":"wp","href":"https:\/\/api.w.org\/{rel}","templated":true}]}}