{"id":247358,"date":"2024-09-08T09:30:21","date_gmt":"2024-09-08T13:30:21","guid":{"rendered":"https:\/\/elluchador.info\/?p=247358"},"modified":"2024-09-08T09:30:27","modified_gmt":"2024-09-08T13:30:27","slug":"edmundo-gonzalez-paso-mas-de-un-mes-en-la-embajada-de-paises-bajos-en-caracas","status":"publish","type":"post","link":"https:\/\/elluchador.info\/?p=247358","title":{"rendered":"Edmundo Gonz\u00e1lez pas\u00f3 m\u00e1s de un mes en la Embajada de Pa\u00edses Bajos en Caracas"},"content":{"rendered":"\n<p>El principal aspirante opositor a la Presidencia de\u00a0Venezuela,\u00a0Edmundo Gonz\u00e1lez, permaneci\u00f3 m\u00e1s de un mes<strong>\u00a0refugiado en la Embajada de\u00a0Pa\u00edses Bajos<\/strong>\u00a0en\u00a0Caracas\u00a0antes de ocultarse en la residencia del embajador espa\u00f1ol y poner rumbo a\u00a0Espa\u00f1a, ha desvelado el Gobierno neerland\u00e9s este domingo.<\/p>\n\n\n\n<p>Gonz\u00e1lez no hab\u00eda participado en ning\u00fan acto p\u00fablico desde las elecciones del 28 de julio y ahora el ministro de Exteriores de Pa\u00edses Bajos, Caspar Veldkamp, ha explicado que decidi\u00f3<strong>&nbsp;atender una petici\u00f3n \u00aburgente\u00bb<\/strong>&nbsp;el d\u00eda despu\u00e9s de los comicios para acoger al opositor durante \u00abtodo el tiempo que fuese necesario\u00bb.<\/p>\n\n\n\n<p>As\u00ed lo ha explicado en una carta remitida al Parlamento y en la que tambi\u00e9n detalla que finalmente Gonz\u00e1lez opt\u00f3 por abandonar esta sede y&nbsp;<strong>\u00abseguir su lucha desde Espa\u00f1a\u00bb<\/strong>, informa la agencia Bloomberg.&nbsp;<\/p>\n\n\n\n<p>Seg\u00fan el Alto Representante de Pol\u00edtica Exterior de la UE, Josep Borrell, Gonz\u00e1lez estuvo bajo la \u00abhospitalidad\u00bb de Pa\u00edses Bajos hasta este pasado jueves,&nbsp;<strong>5 de septiembre<\/strong>.<\/p>\n\n\n\n<p>El ministro de Asuntos Exteriores espa\u00f1ol, Jos\u00e9 Manuel Albares, ha admitido que el candidato opositor<strong>&nbsp;llevaba \u00abun tiempo\u00bb en la residencia del embajador,<\/strong>&nbsp;mientras que la vicepresidenta venezolana, Delcy Rodr\u00edguez, ha hablado de \u00abvarios d\u00edas\u00bb en la nota donde ha confirmado la concesi\u00f3n de un salvonducto a Gonz\u00e1lez.<\/p>\n\n\n\n<p><em><strong>Con informaci\u00f3n de 20 minutos.<\/strong><\/em><\/p>\n","protected":false},"excerpt":{"rendered":"<p>El principal aspirante opositor a la Presidencia de\u00a0Venezuela,\u00a0Edmundo Gonz\u00e1lez, permaneci\u00f3 m\u00e1s de un mes\u00a0refugiado en la Embajada de\u00a0Pa\u00edses Bajos\u00a0en\u00a0Caracas\u00a0antes de ocultarse en la residencia del embajador espa\u00f1ol y poner rumbo a\u00a0Espa\u00f1a, ha desvelado el Gobierno neerland\u00e9s este domingo. Gonz\u00e1lez no hab\u00eda participado en ning\u00fan acto p\u00fablico desde las elecciones del 28 de julio y ahora [&hellip;]<\/p>\n","protected":false},"author":2,"featured_media":247359,"comment_status":"closed","ping_status":"closed","sticky":false,"template":"","format":"standard","meta":{"footnotes":""},"categories":[11],"tags":[],"class_list":{"0":"post-247358","1":"post","2":"type-post","3":"status-publish","4":"format-standard","5":"has-post-thumbnail","7":"category-politica"},"_links":{"self":[{"href":"https:\/\/elluchador.info\/index.php?rest_route=\/wp\/v2\/posts\/247358","targetHints":{"allow":["GET"]}}],"collection":[{"href":"https:\/\/elluchador.info\/index.php?rest_route=\/wp\/v2\/posts"}],"about":[{"href":"https:\/\/elluchador.info\/index.php?rest_route=\/wp\/v2\/types\/post"}],"author":[{"embeddable":true,"href":"https:\/\/elluchador.info\/index.php?rest_route=\/wp\/v2\/users\/2"}],"replies":[{"embeddable":true,"href":"https:\/\/elluchador.info\/index.php?rest_route=%2Fwp%2Fv2%2Fcomments&post=247358"}],"version-history":[{"count":1,"href":"https:\/\/elluchador.info\/index.php?rest_route=\/wp\/v2\/posts\/247358\/revisions"}],"predecessor-version":[{"id":247360,"href":"https:\/\/elluchador.info\/index.php?rest_route=\/wp\/v2\/posts\/247358\/revisions\/247360"}],"wp:featuredmedia":[{"embeddable":true,"href":"https:\/\/elluchador.info\/index.php?rest_route=\/wp\/v2\/media\/247359"}],"wp:attachment":[{"href":"https:\/\/elluchador.info\/index.php?rest_route=%2Fwp%2Fv2%2Fmedia&parent=247358"}],"wp:term":[{"taxonomy":"category","embeddable":true,"href":"https:\/\/elluchador.info\/index.php?rest_route=%2Fwp%2Fv2%2Fcategories&post=247358"},{"taxonomy":"post_tag","embeddable":true,"href":"https:\/\/elluchador.info\/index.php?rest_route=%2Fwp%2Fv2%2Ftags&post=247358"}],"curies":[{"name":"wp","href":"https:\/\/api.w.org\/{rel}","templated":true}]}}