{"id":247361,"date":"2024-09-08T09:33:10","date_gmt":"2024-09-08T13:33:10","guid":{"rendered":"https:\/\/elluchador.info\/?p=247361"},"modified":"2024-09-08T09:33:15","modified_gmt":"2024-09-08T13:33:15","slug":"bolivia-y-argentina-en-emergencia-ante-intensos-incendios-forestales","status":"publish","type":"post","link":"https:\/\/elluchador.info\/?p=247361","title":{"rendered":"Bolivia y Argentina en emergencia ante intensos incendios forestales"},"content":{"rendered":"\n<h5 class=\"wp-block-heading\">La medida de emergencia permitir\u00e1 un trabajo interministerial m\u00e1s din\u00e1mico en coordinaci\u00f3n con las gobernaciones y los municipios.<\/h5>\n\n\n\n<p>Las autoridades de Bolivia y Argentina se declararon en emergencia por la magnitud de los incendios que afectan a esos pa\u00edses suramericanos.<\/p>\n\n\n\n<p>En Bolivia, el Gobierno declar\u00f3 emergencia nacional ante los m\u00faltiples siniestros en su territorio que ya han consumido casi cuatro millones de hect\u00e1reas de terreno.<\/p>\n\n\n\n<p>Equipos de emergencia informaron que se encuentran en labores de sofocaci\u00f3n del fuego que de momento ha consumido 3.8 millones de hect\u00e1reas a nivel nacional.<\/p>\n\n\n\n<p>Son 72 puntos de fuego activos donde se ven afectados parques nacionales.<\/p>\n\n\n\n<p>El gobierno enfatiz\u00f3 que la medida de emergencia permitir\u00e1 un trabajo interministerial m\u00e1s din\u00e1mico en coordinaci\u00f3n con las gobernaciones, los municipios y todas las instituciones que tienen que ver con el apoyo al tema del apagado del fuego y la atenci\u00f3n de salud.<\/p>\n\n\n\n<p>En Argentina, las autoridades declararon estado de desastre por la p\u00e9rdida de al menos 12 mil hect\u00e1reas a consecuencia de los incendios forestales en la provincia de C\u00f3rdoba.<\/p>\n\n\n\n<p>El ministro de Seguridad de C\u00f3rdoba, Juan Pablo Quinteros, detall\u00f3 que al menos cuatro bomberos y 12 viviendas fueron afectadas por las llamas que azotaban la regi\u00f3n.<\/p>\n\n\n\n<p>Asimismo, se report\u00f3 que m\u00e1s de 200 efectivos bomberiles, helic\u00f3pteros y dos aviones hidrantes trabajan para mitigar los 14 focos simult\u00e1neos a\u00fan activos.<\/p>\n\n\n\n<p>Las autoridades iniciaron las investigaciones para determinar las causas del siniestro y sus eventuales responsables.<\/p>\n\n\n\n<p><strong><em>Con informaci\u00f3n de Telesur<\/em><\/strong><\/p>\n","protected":false},"excerpt":{"rendered":"<p>La medida de emergencia permitir\u00e1 un trabajo interministerial m\u00e1s din\u00e1mico en coordinaci\u00f3n con las gobernaciones y los municipios. Las autoridades de Bolivia y Argentina se declararon en emergencia por la magnitud de los incendios que afectan a esos pa\u00edses suramericanos. En Bolivia, el Gobierno declar\u00f3 emergencia nacional ante los m\u00faltiples siniestros en su territorio que [&hellip;]<\/p>\n","protected":false},"author":2,"featured_media":247362,"comment_status":"closed","ping_status":"closed","sticky":false,"template":"","format":"standard","meta":{"footnotes":""},"categories":[8],"tags":[],"class_list":{"0":"post-247361","1":"post","2":"type-post","3":"status-publish","4":"format-standard","5":"has-post-thumbnail","7":"category-internacionales"},"_links":{"self":[{"href":"https:\/\/elluchador.info\/index.php?rest_route=\/wp\/v2\/posts\/247361","targetHints":{"allow":["GET"]}}],"collection":[{"href":"https:\/\/elluchador.info\/index.php?rest_route=\/wp\/v2\/posts"}],"about":[{"href":"https:\/\/elluchador.info\/index.php?rest_route=\/wp\/v2\/types\/post"}],"author":[{"embeddable":true,"href":"https:\/\/elluchador.info\/index.php?rest_route=\/wp\/v2\/users\/2"}],"replies":[{"embeddable":true,"href":"https:\/\/elluchador.info\/index.php?rest_route=%2Fwp%2Fv2%2Fcomments&post=247361"}],"version-history":[{"count":1,"href":"https:\/\/elluchador.info\/index.php?rest_route=\/wp\/v2\/posts\/247361\/revisions"}],"predecessor-version":[{"id":247363,"href":"https:\/\/elluchador.info\/index.php?rest_route=\/wp\/v2\/posts\/247361\/revisions\/247363"}],"wp:featuredmedia":[{"embeddable":true,"href":"https:\/\/elluchador.info\/index.php?rest_route=\/wp\/v2\/media\/247362"}],"wp:attachment":[{"href":"https:\/\/elluchador.info\/index.php?rest_route=%2Fwp%2Fv2%2Fmedia&parent=247361"}],"wp:term":[{"taxonomy":"category","embeddable":true,"href":"https:\/\/elluchador.info\/index.php?rest_route=%2Fwp%2Fv2%2Fcategories&post=247361"},{"taxonomy":"post_tag","embeddable":true,"href":"https:\/\/elluchador.info\/index.php?rest_route=%2Fwp%2Fv2%2Ftags&post=247361"}],"curies":[{"name":"wp","href":"https:\/\/api.w.org\/{rel}","templated":true}]}}