{"id":247367,"date":"2024-09-08T10:01:24","date_gmt":"2024-09-08T14:01:24","guid":{"rendered":"https:\/\/elluchador.info\/?p=247367"},"modified":"2024-09-08T10:01:27","modified_gmt":"2024-09-08T14:01:27","slug":"las-comunas-seran-el-eje-fundamental-del-congreso-del-bloque-historico","status":"publish","type":"post","link":"https:\/\/elluchador.info\/?p=247367","title":{"rendered":"Las Comunas ser\u00e1n el eje fundamental del Congreso del Bloque Hist\u00f3rico"},"content":{"rendered":"\n<p>De cara a la realizaci\u00f3n del Gran Congreso del Bloque Hist\u00f3rico Bolivariano, Popular, Chavista y Socialista de Venezuela para el siglo XXI, este s\u00e1bado, se llev\u00f3 a cabo un encuentro de trabajo telem\u00e1tico en el que participaron de forma protag\u00f3nica las Comunas del pa\u00eds, que ser\u00e1n el eje fundamental de este congreso.<\/p>\n\n\n\n<p>Este encuentro cont\u00f3 con la participaci\u00f3n del vicepresidente Sectorial de Planificaci\u00f3n y Coordinador General del Congreso, Ricardo Men\u00e9ndez, y el ministro del Poder Popular para las Comunas y los Movimientos Sociales, \u00c1ngel Prado, quienes articularon junto al poder popular organizado la metodolog\u00eda y objetivos del Congreso del Bloque Hist\u00f3rico, convocado por el presidente de la Rep\u00fablica, Nicol\u00e1s Maduro, que reunir\u00e1 a las 5 generaciones y a las 7 fuerzas, refiere una nota de prensa del Mppp.<\/p>\n\n\n\n<h2 class=\"wp-block-heading\">Ciclos del Congreso<\/h2>\n\n\n\n<p>En este sentido, Men\u00e9ndez puntualiz\u00f3 que este Congreso Hist\u00f3rico se dividir\u00e1 en tres ciclos, en la primera oleada se llevar\u00e1n a cabo Asambleas en las Comunidades de todo el pa\u00eds, \u201cel rol protag\u00f3nico de la pr\u00f3xima semana lo tienen las comunidades\u201d, que iniciar\u00e1 el pr\u00f3ximo martes 10 de septiembre; la segunda oleada, en la que se llevar\u00e1n a cabo en los 4500 Circuitos Comunales, iniciando el pr\u00f3ximo 16 de septiembre.<\/p>\n\n\n\n<p>Un tercer ciclo que corresponder\u00e1 a los estados para generar una sistematizaci\u00f3n de las propuestas, \u201ctodo esto como una visi\u00f3n preparatoria a la gran plenaria que se va a tener a nivel nacional\u201d, explic\u00f3 Men\u00e9ndez; cuya plenaria se llevar\u00e1 a cabo los d\u00edas 4,5 y 6 de octubre.<\/p>\n\n\n\n<p>Reiter\u00f3 que el acento durante el congreso lo tendr\u00e1n el debate en las bases, \u201csin intermediarios, ni delegados, ni designados para hacer expresi\u00f3n. Hay una concepci\u00f3n que tiene que ver con la democracia directa y esa concepci\u00f3n est\u00e1 reflejada en el m\u00e9todo planteado por el presidente de la Rep\u00fablica\u201d.<\/p>\n\n\n\n<p>Igualmente, indic\u00f3 que las las propuestas que devengan de las asambleas ser\u00e1n cargadas en la plataforma web del Plan de la Patria de las 7T, a trav\u00e9s del link https:\/\/congresodelbloquehistorico.mppp.gob.ve\/.<\/p>\n\n\n\n<h2 class=\"wp-block-heading\">Tres grandes momentos de las asambleas de bases<\/h2>\n\n\n\n<p>Asimismo, se\u00f1al\u00f3 que las asambleas tendr\u00e1n tres grandes momentos,&nbsp; el primero ser\u00e1 el Socialismo como alternativa ante el fascismo, \u201cPatria o Fascismo es el gran tema de debate, y ah\u00ed la construcci\u00f3n del bloque hist\u00f3rico. Visualizar la Venezuela para los pr\u00f3ximos 30 a\u00f1os\u201d.<\/p>\n\n\n\n<p>En este sentido, se\u00f1al\u00f3 que el segundo tiene que ver con el Aterrizaje del ACA del Plan de las 7T, \u201cA partir de la construcci\u00f3n del ACA, las tareas completas, los 100 temas fundamentales que se vislumbran del Plan de las 7T como acciones concretas, puntuales, pero que tienen profundo arraigo en la transformaci\u00f3n estrat\u00e9gica de la sociedad se crear\u00e1n combos de soluciones y generar alternativas&nbsp; un sistema de pol\u00edticas p\u00fablicas\u201d.<\/p>\n\n\n\n<p>El tercero son los aspectos a transformar en el estado, \u201cC\u00f3mo queremos que sean m\u00e1s \u00e1giles las din\u00e1micas, c\u00f3mo queremos enfrentar al burocratismo y a la&nbsp; corrupci\u00f3n, y a partir de ello la transformaci\u00f3n revolucionaria del Estado\u201d.<\/p>\n\n\n\n<p><em><strong>Con informaci\u00f3n de \u00daN.<\/strong><\/em><\/p>\n","protected":false},"excerpt":{"rendered":"<p>De cara a la realizaci\u00f3n del Gran Congreso del Bloque Hist\u00f3rico Bolivariano, Popular, Chavista y Socialista de Venezuela para el siglo XXI, este s\u00e1bado, se llev\u00f3 a cabo un encuentro de trabajo telem\u00e1tico en el que participaron de forma protag\u00f3nica las Comunas del pa\u00eds, que ser\u00e1n el eje fundamental de este congreso. Este encuentro cont\u00f3 [&hellip;]<\/p>\n","protected":false},"author":2,"featured_media":247368,"comment_status":"closed","ping_status":"closed","sticky":false,"template":"","format":"standard","meta":{"footnotes":""},"categories":[11],"tags":[],"class_list":{"0":"post-247367","1":"post","2":"type-post","3":"status-publish","4":"format-standard","5":"has-post-thumbnail","7":"category-politica"},"_links":{"self":[{"href":"https:\/\/elluchador.info\/index.php?rest_route=\/wp\/v2\/posts\/247367","targetHints":{"allow":["GET"]}}],"collection":[{"href":"https:\/\/elluchador.info\/index.php?rest_route=\/wp\/v2\/posts"}],"about":[{"href":"https:\/\/elluchador.info\/index.php?rest_route=\/wp\/v2\/types\/post"}],"author":[{"embeddable":true,"href":"https:\/\/elluchador.info\/index.php?rest_route=\/wp\/v2\/users\/2"}],"replies":[{"embeddable":true,"href":"https:\/\/elluchador.info\/index.php?rest_route=%2Fwp%2Fv2%2Fcomments&post=247367"}],"version-history":[{"count":1,"href":"https:\/\/elluchador.info\/index.php?rest_route=\/wp\/v2\/posts\/247367\/revisions"}],"predecessor-version":[{"id":247369,"href":"https:\/\/elluchador.info\/index.php?rest_route=\/wp\/v2\/posts\/247367\/revisions\/247369"}],"wp:featuredmedia":[{"embeddable":true,"href":"https:\/\/elluchador.info\/index.php?rest_route=\/wp\/v2\/media\/247368"}],"wp:attachment":[{"href":"https:\/\/elluchador.info\/index.php?rest_route=%2Fwp%2Fv2%2Fmedia&parent=247367"}],"wp:term":[{"taxonomy":"category","embeddable":true,"href":"https:\/\/elluchador.info\/index.php?rest_route=%2Fwp%2Fv2%2Fcategories&post=247367"},{"taxonomy":"post_tag","embeddable":true,"href":"https:\/\/elluchador.info\/index.php?rest_route=%2Fwp%2Fv2%2Ftags&post=247367"}],"curies":[{"name":"wp","href":"https:\/\/api.w.org\/{rel}","templated":true}]}}