{"id":247373,"date":"2024-09-08T10:39:11","date_gmt":"2024-09-08T14:39:11","guid":{"rendered":"https:\/\/elluchador.info\/?p=247373"},"modified":"2024-09-08T10:39:16","modified_gmt":"2024-09-08T14:39:16","slug":"asi-ha-sido-la-marcha-de-edmundo-gonzalez-de-venezuela-tras-estar-refugiado-en-dos-embajadas-en-caracas","status":"publish","type":"post","link":"https:\/\/elluchador.info\/?p=247373","title":{"rendered":"As\u00ed ha sido la marcha de Edmundo Gonz\u00e1lez de Venezuela tras estar refugiado en dos embajadas en Caracas"},"content":{"rendered":"\n<p>El pol\u00edtico opositor\u00a0venezolano\u00a0Edmundo Gonz\u00e1lez\u00a0viaja ya a Espa\u00f1a, donde\u00a0recibir\u00e1 asilo pol\u00edtico\u00a0tras su salida del pa\u00eds latinoamericano y tras haber estado\u00a0<strong>refugiado durante d\u00edas en la Embajada espa\u00f1ola en Caracas<\/strong>\u00a0y antes un mes en la de Pa\u00edses Bajos.<\/p>\n\n\n\n<p>A primera hora de este domingo, los gobiernos de ambos pa\u00edses confirmaban los hechos. El Ministerio de Asuntos Exteriores de Espa\u00f1a explic\u00f3 que Gonz\u00e1lez iba a bordo un avi\u00f3n de las Fuerzas A\u00e9reas espa\u00f1olas y de que \u00abel Gobierno de Espa\u00f1a ha dispuesto<strong>&nbsp;los medios diplom\u00e1ticos y materiales&nbsp;<\/strong>necesarios para su traslado, realizado a solicitud suya\u00bb.<\/p>\n\n\n\n<p>\u00abEl Gobierno de Espa\u00f1a est\u00e1 comprometido con los derechos pol\u00edticos y la integridad f\u00edsica de todos los venezolanos,<strong>\u00a0muy especialmente de los l\u00edderes pol\u00edticos<\/strong>\u00ab, dijo el ministro del ramo,\u00a0Jos\u00e9 Manuel Albares.<\/p>\n\n\n\n<p>Por parte del gobierno de Maduro, la vicepresidenta ejecutiva de Venezuela,\u00a0<strong>Delcy Rodr\u00edguez<\/strong>, revel\u00f3 que Gonz\u00e1lez\u00a0abandon\u00f3 el pa\u00eds con un salvoconducto concedido \u00aben aras de la tranquilidad y paz pol\u00edtica\u00bb, despu\u00e9s de pasar \u00abvarios d\u00edas\u00bb refugiado en la Embajada de Espa\u00f1a.<\/p>\n\n\n\n<p>\u00abEl d\u00eda de hoy, 7 de septiembre, ha partido del pa\u00eds el ciudadano opositor\u00a0<strong>Edmundo Gonz\u00e1lez Urrutia<\/strong>, quien habi\u00e9ndose refugiado voluntariamente en la embajada del Reino de Espa\u00f1a en Caracas desde hace varios d\u00edas, solicit\u00f3 ante ese gobierno la tramitaci\u00f3n de asilo pol\u00edtico\u00bb, dijo Rodr\u00edguez.<\/p>\n\n\n\n<p>Seg\u00fan fuentes diplom\u00e1ticas consultadas por RTVE, en la operaci\u00f3n ha tenido<strong>\u00a0un papel clave como mediador\u00a0<\/strong>el expresidente del Gobierno\u00a0Jos\u00e9 Luis Rodr\u00edguez Zapatero.<\/p>\n\n\n\n<p>El veterano pol\u00edtico socialista, en<strong>\u00a0buena sinton\u00eda con el gobierno chavista<\/strong>\u00a0y que es uno de las pocas caras visibles del PSOE que se ha mantenido en silencio ante las acusaciones de fraude electoral por parte de Maduro, habr\u00eda mediado para que el aut\u00f3crata venezolano concediera el salvoconducto a Gonz\u00e1lez.<\/p>\n\n\n\n<p>El ministro Albares explic\u00f3 que no ha habido ninguna negociaci\u00f3n entre el Gobierno espa\u00f1ol y el venezolano<strong>&nbsp;ni entre Pedro S\u00e1nchez y Nicol\u00e1s Maduro&nbsp;<\/strong>directamente, por lo que la operaci\u00f3n habr\u00eda sido llevada a cabo de manera extraoficial por Zapatero.<\/p>\n\n\n\n<p>En cambio, Albares s\u00ed recalc\u00f3 que la posici\u00f3n de Espa\u00f1a ante la situaci\u00f3n en Venezuela\u00a0<strong>no sufre cambio alguno<\/strong>\u00a0y sigue exigiendo la presentaci\u00f3n de las actas electorales de los \u00faltimos comicios presidenciales para que se puedan verificar porque, de lo contrario, no se puede reconocer ninguna victoria.<\/p>\n\n\n\n<p>\u00abLas puertas de Espa\u00f1a hacia<strong>&nbsp;un pa\u00eds hermano como es Venezuela<\/strong>&nbsp;siempre van a estar abiertas, como han estado las puertas de la residencia de la Embajada de Espa\u00f1a para Edmundo Gonz\u00e1lez\u00bb, dijo Albares.<\/p>\n\n\n\n<p>Precisamente este s\u00e1bado, el presidente del Gobierno, Pedro S\u00e1nchez, tuvo unas palabras sobre Edmundo Gonz\u00e1lez en si discurso durante el Comit\u00e9 Federal del PSOE. El jefe del Ejecutivo dijo que Edmundo Gonz\u00e1lez es&nbsp;<strong>\u00abun h\u00e9roe a quien Espa\u00f1a no va a abandonar\u00bb.<\/strong><\/p>\n\n\n\n<p>Edmundo Gonz\u00e1lez ten\u00eda sobre su cabeza\u00a0<strong>una orden de arresto<\/strong>, acusado por el gobierno bolivariano de Maduro de presuntos delitos vinculados a la publicaci\u00f3n en Internet de documentaci\u00f3n que acreditar\u00eda la derrota de Maduro y desmontar\u00eda los datos del Consejo Nacional Electoral (CNE).<\/p>\n\n\n\n<h2 class=\"wp-block-heading\">En la embajada neerlandesa en Caracas<\/h2>\n\n\n\n<p>Gonz\u00e1lez, de 74 a\u00f1os,&nbsp;<strong>estaba en paradero desconocido<\/strong>&nbsp;y no particip\u00f3 en la movilizaci\u00f3n convocada por la disidencia el 28 de agosto, a la que s\u00ed asisti\u00f3 su compa\u00f1era Mar\u00eda Corina Machado.<\/p>\n\n\n\n<p>Antes de refugiarse en la embajada espa\u00f1ola, Gonz\u00e1lez estuvo&nbsp;<strong>un mes en la embajada de Pa\u00edses Bajos en Caracas<\/strong>, tal y como ha revelado el gobierno de este pa\u00eds este domingo.<\/p>\n\n\n\n<p>El ministro de Exteriores de Pa\u00edses Bajos, Caspar Veldkamp, ha explicado que decidi\u00f3 atender una petici\u00f3n \u00aburgente\u00bb el d\u00eda despu\u00e9s de los comicios para acoger al opositor durante&nbsp;<strong>\u00abtodo el tiempo que fuese necesario\u00bb.<\/strong><\/p>\n\n\n\n<p><strong><em>Con informaci\u00f3n de 20 minutos.<\/em><\/strong><\/p>\n","protected":false},"excerpt":{"rendered":"<p>El pol\u00edtico opositor\u00a0venezolano\u00a0Edmundo Gonz\u00e1lez\u00a0viaja ya a Espa\u00f1a, donde\u00a0recibir\u00e1 asilo pol\u00edtico\u00a0tras su salida del pa\u00eds latinoamericano y tras haber estado\u00a0refugiado durante d\u00edas en la Embajada espa\u00f1ola en Caracas\u00a0y antes un mes en la de Pa\u00edses Bajos. A primera hora de este domingo, los gobiernos de ambos pa\u00edses confirmaban los hechos. El Ministerio de Asuntos Exteriores de [&hellip;]<\/p>\n","protected":false},"author":2,"featured_media":247374,"comment_status":"closed","ping_status":"closed","sticky":false,"template":"","format":"standard","meta":{"footnotes":""},"categories":[11],"tags":[],"class_list":{"0":"post-247373","1":"post","2":"type-post","3":"status-publish","4":"format-standard","5":"has-post-thumbnail","7":"category-politica"},"_links":{"self":[{"href":"https:\/\/elluchador.info\/index.php?rest_route=\/wp\/v2\/posts\/247373","targetHints":{"allow":["GET"]}}],"collection":[{"href":"https:\/\/elluchador.info\/index.php?rest_route=\/wp\/v2\/posts"}],"about":[{"href":"https:\/\/elluchador.info\/index.php?rest_route=\/wp\/v2\/types\/post"}],"author":[{"embeddable":true,"href":"https:\/\/elluchador.info\/index.php?rest_route=\/wp\/v2\/users\/2"}],"replies":[{"embeddable":true,"href":"https:\/\/elluchador.info\/index.php?rest_route=%2Fwp%2Fv2%2Fcomments&post=247373"}],"version-history":[{"count":1,"href":"https:\/\/elluchador.info\/index.php?rest_route=\/wp\/v2\/posts\/247373\/revisions"}],"predecessor-version":[{"id":247375,"href":"https:\/\/elluchador.info\/index.php?rest_route=\/wp\/v2\/posts\/247373\/revisions\/247375"}],"wp:featuredmedia":[{"embeddable":true,"href":"https:\/\/elluchador.info\/index.php?rest_route=\/wp\/v2\/media\/247374"}],"wp:attachment":[{"href":"https:\/\/elluchador.info\/index.php?rest_route=%2Fwp%2Fv2%2Fmedia&parent=247373"}],"wp:term":[{"taxonomy":"category","embeddable":true,"href":"https:\/\/elluchador.info\/index.php?rest_route=%2Fwp%2Fv2%2Fcategories&post=247373"},{"taxonomy":"post_tag","embeddable":true,"href":"https:\/\/elluchador.info\/index.php?rest_route=%2Fwp%2Fv2%2Ftags&post=247373"}],"curies":[{"name":"wp","href":"https:\/\/api.w.org\/{rel}","templated":true}]}}